{"id":43248,"date":"2026-09-01T15:23:56","date_gmt":"2026-09-01T13:23:56","guid":{"rendered":"https:\/\/geneva.intercontinental.com\/?p=43248"},"modified":"2026-09-01T15:55:45","modified_gmt":"2026-09-01T13:55:45","slug":"boost-back-to-school","status":"publish","type":"post","link":"https:\/\/geneva.intercontinental.com\/fr\/boost-back-to-school\/","title":{"rendered":"Boost Back to School"},"content":{"rendered":"\n<h2 class=\"wp-block-heading\">Une offre exclusive r\u00e9serv\u00e9e \u00e0 nos partenaires agences &#8211; d\u00e9sormais prolong\u00e9e.<\/h2>\n\n\n\n<p class=\"wp-block-paragraph\">Ramenez vos groupes \u00e0 Gen\u00e8ve d\u00e8s cette rentr\u00e9e. R\u00e9union d&#8217;entreprise, voyage de motivation ou s\u00e9minaire r\u00e9sidentiel : l&#8217;InterContinental Gen\u00e8ve r\u00e9unit une adresse mythique au c\u0153ur de la Gen\u00e8ve internationale, 181 chambres et suites et 20 espaces de r\u00e9union baign\u00e9s de lumi\u00e8re naturelle. Tarifs pr\u00e9f\u00e9rentiels, surclassements offerts et accompagnement d\u00e9di\u00e9 : tout est pens\u00e9 pour simplifier votre prochaine r\u00e9servation de groupe.<\/p>\n\n\n\n<h2 class=\"wp-block-heading\">Les avantages<\/h2>\n\n\n\n<ul class=\"wp-block-list\">\n<li><strong>Chambre \u00e0 partir de CHF 285.-<\/strong> (309 EUR*) la nuit, petit-d\u00e9jeuner inclus<\/li>\n\n\n\n<li><strong>Forfait journ\u00e9e d&#8217;\u00e9tude \u00e0 partir de CHF 135.-<\/strong> (147 EUR*) par personne, incluant la salle pl\u00e9ni\u00e8re, deux pauses caf\u00e9 et le d\u00e9jeuner<\/li>\n\n\n\n<li><strong>Un surclassement offert<\/strong> d\u00e8s 10 chambres par nuit<\/li>\n\n\n\n<li><strong>Une chambre offerte<\/strong> d\u00e8s 20 chambres par nuit<\/li>\n<\/ul>\n\n\n\n<p class=\"wp-block-paragraph\">*Tarifs en euros donn\u00e9s \u00e0 titre indicatif, sous r\u00e9serve du taux de change.<\/p>\n\n\n\n<h2 class=\"wp-block-heading\">P\u00e9riode de validit\u00e9<\/h2>\n\n\n\n<p class=\"wp-block-paragraph\">L&#8217;offre s&#8217;applique \u00e0 toute nouvelle r\u00e9servation de groupe se d\u00e9roulant entre le <strong>1er septembre 2026 et le 31 mars 2027<\/strong>.<\/p>\n\n\n\n<h2 class=\"wp-block-heading\">Pourquoi l&#8217;InterContinental Gen\u00e8ve<\/h2>\n\n\n\n<ul class=\"wp-block-list\">\n<li>Une adresse embl\u00e9matique au c\u0153ur de la Gen\u00e8ve internationale, \u00e0 quelques minutes du Palais des Nations et \u00e0 10 minutes de l&#8217;a\u00e9roport<\/li>\n\n\n\n<li>333 <a href=\"https:\/\/geneva.intercontinental.com\/fr\/chambres\/\">chambres,<\/a> et 56 <a href=\"https:\/\/geneva.intercontinental.com\/fr\/suites\/\">suites<\/a> et les plus grandes suites pr\u00e9sidentielles de la ville<\/li>\n\n\n\n<li><a href=\"https:\/\/geneva.intercontinental.com\/fr\/conferences-meeting\/\">Salles de r\u00e9union<\/a> et espaces \u00e9v\u00e9nementiels modulables, jusqu&#8217;\u00e0 400 personnes<\/li>\n\n\n\n<li>Le restaurant <a href=\"https:\/\/geneva.intercontinental.com\/fr\/woods\/\">Woods<\/a>, le <a href=\"https:\/\/geneva.intercontinental.com\/fr\/bar-les-nations\/\">Bar les Nation<\/a>s et une terrasse panoramique face au lac et aux Alpes<\/li>\n\n\n\n<li>Une \u00e9quipe \u00e9v\u00e9nementielle d\u00e9di\u00e9e, de la premi\u00e8re proposition au d\u00e9briefing final<\/li>\n<\/ul>\n\n\n\n<h2 class=\"wp-block-heading\">Contact &amp; r\u00e9servation<\/h2>\n\n\n\n<p class=\"wp-block-paragraph\">Appelez le\u00a0<a href=\"tel:0041229193232\">+41 (0)22 919 32 32<\/a>\u00a0ou \u00e9crivez \u00e0\u00a0<a href=\"mailto:gvaha.sales@ihg.com\">gvaha.sales@ihg.com<\/a>\u00a0pour d\u00e9tailler votre demande.<\/p>\n\n\n\n<p class=\"wp-block-paragraph\">InterContinental Gen\u00e8ve \u2014 Chemin du Petit-Saconnex 7-9, 1209 Gen\u00e8ve, Suisse<\/p>\n\n\n\n<div class=\"wp-block-buttons is-content-justification-center is-layout-flex wp-container-core-buttons-is-layout-3e41869c wp-block-buttons-is-layout-flex\">\n<div class=\"wp-block-button\"><a class=\"wp-block-button__link wp-element-button\" href=\"mailto:gvaha.sales@ihg.com\" target=\"_blank\" rel=\"noreferrer noopener\">Demander une proposition<\/a><\/div>\n<\/div>\n\n\n\n<p class=\"has-small-font-size wp-block-paragraph\"><strong>Conditions : <\/strong>Offre valable uniquement sur les nouvelles r\u00e9servations \u2014 non r\u00e9troactive. Non cumulable avec toute autre offre, promotion ou tarif n\u00e9goci\u00e9. Tarifs indiqu\u00e9s par chambre et par nuit, hors taxe de s\u00e9jour, sous r\u00e9serve de disponibilit\u00e9 au moment de la r\u00e9servation. Le surclassement offert et la chambre offerte s&#8217;appliquent par nuit, selon le nombre de chambres confirm\u00e9es. Les prix en euros sont indicatifs et d\u00e9pendent du taux de change en vigueur au jour de la facturation.<\/p>\n","protected":false},"excerpt":{"rendered":"<p>Chambre deluxe, Jet d&#8217;Eau au coucher du soleil et entr\u00e9e de l&#8217;InterContinental Gen\u00e8ve<\/p>\n","protected":false},"author":1,"featured_media":42691,"comment_status":"closed","ping_status":"closed","sticky":false,"template":"","format":"standard","meta":{"_acf_changed":false,"footnotes":""},"categories":[72,18],"tags":[],"class_list":["post-43248","post","type-post","status-publish","format-standard","has-post-thumbnail","hentry","category-hebergement","category-offres"],"acf":[],"yoast_head":"<!-- This site is optimized with the Yoast SEO plugin v28.2 - https:\/\/yoast.com\/product\/yoast-seo-wordpress\/ -->\n<title>Boost Back to School - Offre groupes - InterContinental Gen\u00e8ve<\/title>\n<meta name=\"description\" content=\"Offre groupes exclusive pour nos partenaires agences : chambre d\u00e8s CHF 285 petit-d\u00e9jeuner inclus, forfait journ\u00e9e d\u00e8s CHF 135, surclassements offerts. Jusqu&#039;au 31 mars 2027.\" \/>\n<meta name=\"robots\" content=\"index, follow, max-snippet:-1, max-image-preview:large, max-video-preview:-1\" \/>\n<link rel=\"canonical\" href=\"https:\/\/geneva.intercontinental.com\/fr\/boost-back-to-school\/\" \/>\n<meta property=\"og:locale\" content=\"fr_FR\" \/>\n<meta property=\"og:type\" content=\"article\" \/>\n<meta property=\"og:title\" content=\"Boost Back to School - Offre groupes - InterContinental Gen\u00e8ve\" \/>\n<meta property=\"og:description\" content=\"Offre groupes exclusive pour nos partenaires agences : chambre d\u00e8s CHF 285 petit-d\u00e9jeuner inclus, forfait journ\u00e9e d\u00e8s CHF 135, surclassements offerts. Jusqu&#039;au 31 mars 2027.\" \/>\n<meta property=\"og:url\" content=\"https:\/\/geneva.intercontinental.com\/fr\/boost-back-to-school\/\" \/>\n<meta property=\"og:site_name\" content=\"IHG\" \/>\n<meta property=\"article:published_time\" content=\"2026-09-01T13:23:56+00:00\" \/>\n<meta property=\"article:modified_time\" content=\"2026-09-01T13:55:45+00:00\" \/>\n<meta property=\"og:image\" content=\"https:\/\/geneva.intercontinental.com\/wp-content\/uploads\/sites\/7\/2026\/07\/Jet-deau-Summer.jpg\" \/>\n\t<meta property=\"og:image:width\" content=\"1920\" \/>\n\t<meta property=\"og:image:height\" content=\"1282\" \/>\n\t<meta property=\"og:image:type\" content=\"image\/jpeg\" \/>\n<meta name=\"author\" content=\"netsive\" \/>\n<meta name=\"twitter:card\" content=\"summary_large_image\" \/>\n<meta name=\"twitter:label1\" content=\"\u00c9crit par\" \/>\n\t<meta name=\"twitter:data1\" content=\"netsive\" \/>\n\t<meta name=\"twitter:label2\" content=\"Dur\u00e9e de lecture estim\u00e9e\" \/>\n\t<meta name=\"twitter:data2\" content=\"2 minutes\" \/>\n<script type=\"application\/ld+json\" class=\"yoast-schema-graph\">{\"@context\":\"https:\\\/\\\/schema.org\",\"@graph\":[{\"@type\":\"Article\",\"@id\":\"https:\\\/\\\/geneva.intercontinental.com\\\/fr\\\/boost-back-to-school\\\/#article\",\"isPartOf\":{\"@id\":\"https:\\\/\\\/geneva.intercontinental.com\\\/fr\\\/boost-back-to-school\\\/\"},\"author\":{\"name\":\"netsive\",\"@id\":\"https:\\\/\\\/geneva.intercontinental.com\\\/fr\\\/#\\\/schema\\\/person\\\/16ed2393516772cec016ebdc7d6051e6\"},\"headline\":\"Boost Back to School\",\"datePublished\":\"2026-09-01T13:23:56+00:00\",\"dateModified\":\"2026-09-01T13:55:45+00:00\",\"mainEntityOfPage\":{\"@id\":\"https:\\\/\\\/geneva.intercontinental.com\\\/fr\\\/boost-back-to-school\\\/\"},\"wordCount\":385,\"publisher\":{\"@id\":\"https:\\\/\\\/geneva.intercontinental.com\\\/fr\\\/#organization\"},\"image\":{\"@id\":\"https:\\\/\\\/geneva.intercontinental.com\\\/fr\\\/boost-back-to-school\\\/#primaryimage\"},\"thumbnailUrl\":\"https:\\\/\\\/geneva.intercontinental.com\\\/wp-content\\\/uploads\\\/sites\\\/7\\\/2026\\\/07\\\/Jet-deau-Summer.jpg\",\"articleSection\":[\"H\u00e9bergement\",\"Offres\"],\"inLanguage\":\"fr-FR\"},{\"@type\":\"WebPage\",\"@id\":\"https:\\\/\\\/geneva.intercontinental.com\\\/fr\\\/boost-back-to-school\\\/\",\"url\":\"https:\\\/\\\/geneva.intercontinental.com\\\/fr\\\/boost-back-to-school\\\/\",\"name\":\"Boost Back to School - Offre groupes - InterContinental Gen\u00e8ve\",\"isPartOf\":{\"@id\":\"https:\\\/\\\/geneva.intercontinental.com\\\/fr\\\/#website\"},\"primaryImageOfPage\":{\"@id\":\"https:\\\/\\\/geneva.intercontinental.com\\\/fr\\\/boost-back-to-school\\\/#primaryimage\"},\"image\":{\"@id\":\"https:\\\/\\\/geneva.intercontinental.com\\\/fr\\\/boost-back-to-school\\\/#primaryimage\"},\"thumbnailUrl\":\"https:\\\/\\\/geneva.intercontinental.com\\\/wp-content\\\/uploads\\\/sites\\\/7\\\/2026\\\/07\\\/Jet-deau-Summer.jpg\",\"datePublished\":\"2026-09-01T13:23:56+00:00\",\"dateModified\":\"2026-09-01T13:55:45+00:00\",\"description\":\"Offre groupes exclusive pour nos partenaires agences : chambre d\u00e8s CHF 285 petit-d\u00e9jeuner inclus, forfait journ\u00e9e d\u00e8s CHF 135, surclassements offerts. Jusqu'au 31 mars 2027.\",\"breadcrumb\":{\"@id\":\"https:\\\/\\\/geneva.intercontinental.com\\\/fr\\\/boost-back-to-school\\\/#breadcrumb\"},\"inLanguage\":\"fr-FR\",\"potentialAction\":[{\"@type\":\"ReadAction\",\"target\":[\"https:\\\/\\\/geneva.intercontinental.com\\\/fr\\\/boost-back-to-school\\\/\"]}]},{\"@type\":\"ImageObject\",\"inLanguage\":\"fr-FR\",\"@id\":\"https:\\\/\\\/geneva.intercontinental.com\\\/fr\\\/boost-back-to-school\\\/#primaryimage\",\"url\":\"https:\\\/\\\/geneva.intercontinental.com\\\/wp-content\\\/uploads\\\/sites\\\/7\\\/2026\\\/07\\\/Jet-deau-Summer.jpg\",\"contentUrl\":\"https:\\\/\\\/geneva.intercontinental.com\\\/wp-content\\\/uploads\\\/sites\\\/7\\\/2026\\\/07\\\/Jet-deau-Summer.jpg\",\"width\":1920,\"height\":1282},{\"@type\":\"BreadcrumbList\",\"@id\":\"https:\\\/\\\/geneva.intercontinental.com\\\/fr\\\/boost-back-to-school\\\/#breadcrumb\",\"itemListElement\":[{\"@type\":\"ListItem\",\"position\":1,\"name\":\"Accueil\",\"item\":\"https:\\\/\\\/geneva.intercontinental.com\\\/fr\\\/\"},{\"@type\":\"ListItem\",\"position\":2,\"name\":\"Boost Back to School\"}]},{\"@type\":\"WebSite\",\"@id\":\"https:\\\/\\\/geneva.intercontinental.com\\\/fr\\\/#website\",\"url\":\"https:\\\/\\\/geneva.intercontinental.com\\\/fr\\\/\",\"name\":\"IHG\",\"description\":\"Live the InterContinental Life\",\"publisher\":{\"@id\":\"https:\\\/\\\/geneva.intercontinental.com\\\/fr\\\/#organization\"},\"alternateName\":\"InterContinental Gen\u00e8ve\",\"potentialAction\":[{\"@type\":\"SearchAction\",\"target\":{\"@type\":\"EntryPoint\",\"urlTemplate\":\"https:\\\/\\\/geneva.intercontinental.com\\\/fr\\\/?s={search_term_string}\"},\"query-input\":{\"@type\":\"PropertyValueSpecification\",\"valueRequired\":true,\"valueName\":\"search_term_string\"}}],\"inLanguage\":\"fr-FR\"},{\"@type\":\"Organization\",\"@id\":\"https:\\\/\\\/geneva.intercontinental.com\\\/fr\\\/#organization\",\"name\":\"InterContinental Gen\u00e8ve\",\"alternateName\":\"GVAHA\",\"url\":\"https:\\\/\\\/geneva.intercontinental.com\\\/fr\\\/\",\"logo\":{\"@type\":\"ImageObject\",\"inLanguage\":\"fr-FR\",\"@id\":\"https:\\\/\\\/geneva.intercontinental.com\\\/fr\\\/#\\\/schema\\\/logo\\\/image\\\/\",\"url\":\"https:\\\/\\\/geneva.intercontinental.com\\\/wp-content\\\/uploads\\\/sites\\\/7\\\/2024\\\/04\\\/intercontinental-geneve-logo.svg\",\"contentUrl\":\"https:\\\/\\\/geneva.intercontinental.com\\\/wp-content\\\/uploads\\\/sites\\\/7\\\/2024\\\/04\\\/intercontinental-geneve-logo.svg\",\"caption\":\"InterContinental Gen\u00e8ve\"},\"image\":{\"@id\":\"https:\\\/\\\/geneva.intercontinental.com\\\/fr\\\/#\\\/schema\\\/logo\\\/image\\\/\"}},{\"@type\":\"Person\",\"@id\":\"https:\\\/\\\/geneva.intercontinental.com\\\/fr\\\/#\\\/schema\\\/person\\\/16ed2393516772cec016ebdc7d6051e6\",\"name\":\"netsive\",\"sameAs\":[\"http:\\\/\\\/intercontinental.development.netsive.com\"]}]}<\/script>\n<!-- \/ Yoast SEO plugin. -->","yoast_head_json":{"title":"Boost Back to School - Offre groupes - InterContinental Gen\u00e8ve","description":"Offre groupes exclusive pour nos partenaires agences : chambre d\u00e8s CHF 285 petit-d\u00e9jeuner inclus, forfait journ\u00e9e d\u00e8s CHF 135, surclassements offerts. Jusqu'au 31 mars 2027.","robots":{"index":"index","follow":"follow","max-snippet":"max-snippet:-1","max-image-preview":"max-image-preview:large","max-video-preview":"max-video-preview:-1"},"canonical":"https:\/\/geneva.intercontinental.com\/fr\/boost-back-to-school\/","og_locale":"fr_FR","og_type":"article","og_title":"Boost Back to School - Offre groupes - InterContinental Gen\u00e8ve","og_description":"Offre groupes exclusive pour nos partenaires agences : chambre d\u00e8s CHF 285 petit-d\u00e9jeuner inclus, forfait journ\u00e9e d\u00e8s CHF 135, surclassements offerts. Jusqu'au 31 mars 2027.","og_url":"https:\/\/geneva.intercontinental.com\/fr\/boost-back-to-school\/","og_site_name":"IHG","article_published_time":"2026-09-01T13:23:56+00:00","article_modified_time":"2026-09-01T13:55:45+00:00","og_image":[{"width":1920,"height":1282,"url":"https:\/\/geneva.intercontinental.com\/wp-content\/uploads\/sites\/7\/2026\/07\/Jet-deau-Summer.jpg","type":"image\/jpeg"}],"author":"netsive","twitter_card":"summary_large_image","twitter_misc":{"\u00c9crit par":"netsive","Dur\u00e9e de lecture estim\u00e9e":"2 minutes"},"schema":{"@context":"https:\/\/schema.org","@graph":[{"@type":"Article","@id":"https:\/\/geneva.intercontinental.com\/fr\/boost-back-to-school\/#article","isPartOf":{"@id":"https:\/\/geneva.intercontinental.com\/fr\/boost-back-to-school\/"},"author":{"name":"netsive","@id":"https:\/\/geneva.intercontinental.com\/fr\/#\/schema\/person\/16ed2393516772cec016ebdc7d6051e6"},"headline":"Boost Back to School","datePublished":"2026-09-01T13:23:56+00:00","dateModified":"2026-09-01T13:55:45+00:00","mainEntityOfPage":{"@id":"https:\/\/geneva.intercontinental.com\/fr\/boost-back-to-school\/"},"wordCount":385,"publisher":{"@id":"https:\/\/geneva.intercontinental.com\/fr\/#organization"},"image":{"@id":"https:\/\/geneva.intercontinental.com\/fr\/boost-back-to-school\/#primaryimage"},"thumbnailUrl":"https:\/\/geneva.intercontinental.com\/wp-content\/uploads\/sites\/7\/2026\/07\/Jet-deau-Summer.jpg","articleSection":["H\u00e9bergement","Offres"],"inLanguage":"fr-FR"},{"@type":"WebPage","@id":"https:\/\/geneva.intercontinental.com\/fr\/boost-back-to-school\/","url":"https:\/\/geneva.intercontinental.com\/fr\/boost-back-to-school\/","name":"Boost Back to School - Offre groupes - InterContinental Gen\u00e8ve","isPartOf":{"@id":"https:\/\/geneva.intercontinental.com\/fr\/#website"},"primaryImageOfPage":{"@id":"https:\/\/geneva.intercontinental.com\/fr\/boost-back-to-school\/#primaryimage"},"image":{"@id":"https:\/\/geneva.intercontinental.com\/fr\/boost-back-to-school\/#primaryimage"},"thumbnailUrl":"https:\/\/geneva.intercontinental.com\/wp-content\/uploads\/sites\/7\/2026\/07\/Jet-deau-Summer.jpg","datePublished":"2026-09-01T13:23:56+00:00","dateModified":"2026-09-01T13:55:45+00:00","description":"Offre groupes exclusive pour nos partenaires agences : chambre d\u00e8s CHF 285 petit-d\u00e9jeuner inclus, forfait journ\u00e9e d\u00e8s CHF 135, surclassements offerts. Jusqu'au 31 mars 2027.","breadcrumb":{"@id":"https:\/\/geneva.intercontinental.com\/fr\/boost-back-to-school\/#breadcrumb"},"inLanguage":"fr-FR","potentialAction":[{"@type":"ReadAction","target":["https:\/\/geneva.intercontinental.com\/fr\/boost-back-to-school\/"]}]},{"@type":"ImageObject","inLanguage":"fr-FR","@id":"https:\/\/geneva.intercontinental.com\/fr\/boost-back-to-school\/#primaryimage","url":"https:\/\/geneva.intercontinental.com\/wp-content\/uploads\/sites\/7\/2026\/07\/Jet-deau-Summer.jpg","contentUrl":"https:\/\/geneva.intercontinental.com\/wp-content\/uploads\/sites\/7\/2026\/07\/Jet-deau-Summer.jpg","width":1920,"height":1282},{"@type":"BreadcrumbList","@id":"https:\/\/geneva.intercontinental.com\/fr\/boost-back-to-school\/#breadcrumb","itemListElement":[{"@type":"ListItem","position":1,"name":"Accueil","item":"https:\/\/geneva.intercontinental.com\/fr\/"},{"@type":"ListItem","position":2,"name":"Boost Back to School"}]},{"@type":"WebSite","@id":"https:\/\/geneva.intercontinental.com\/fr\/#website","url":"https:\/\/geneva.intercontinental.com\/fr\/","name":"IHG","description":"Live the InterContinental Life","publisher":{"@id":"https:\/\/geneva.intercontinental.com\/fr\/#organization"},"alternateName":"InterContinental Gen\u00e8ve","potentialAction":[{"@type":"SearchAction","target":{"@type":"EntryPoint","urlTemplate":"https:\/\/geneva.intercontinental.com\/fr\/?s={search_term_string}"},"query-input":{"@type":"PropertyValueSpecification","valueRequired":true,"valueName":"search_term_string"}}],"inLanguage":"fr-FR"},{"@type":"Organization","@id":"https:\/\/geneva.intercontinental.com\/fr\/#organization","name":"InterContinental Gen\u00e8ve","alternateName":"GVAHA","url":"https:\/\/geneva.intercontinental.com\/fr\/","logo":{"@type":"ImageObject","inLanguage":"fr-FR","@id":"https:\/\/geneva.intercontinental.com\/fr\/#\/schema\/logo\/image\/","url":"https:\/\/geneva.intercontinental.com\/wp-content\/uploads\/sites\/7\/2024\/04\/intercontinental-geneve-logo.svg","contentUrl":"https:\/\/geneva.intercontinental.com\/wp-content\/uploads\/sites\/7\/2024\/04\/intercontinental-geneve-logo.svg","caption":"InterContinental Gen\u00e8ve"},"image":{"@id":"https:\/\/geneva.intercontinental.com\/fr\/#\/schema\/logo\/image\/"}},{"@type":"Person","@id":"https:\/\/geneva.intercontinental.com\/fr\/#\/schema\/person\/16ed2393516772cec016ebdc7d6051e6","name":"netsive","sameAs":["http:\/\/intercontinental.development.netsive.com"]}]}},"_links":{"self":[{"href":"https:\/\/geneva.intercontinental.com\/fr\/wp-json\/wp\/v2\/posts\/43248","targetHints":{"allow":["GET"]}}],"collection":[{"href":"https:\/\/geneva.intercontinental.com\/fr\/wp-json\/wp\/v2\/posts"}],"about":[{"href":"https:\/\/geneva.intercontinental.com\/fr\/wp-json\/wp\/v2\/types\/post"}],"author":[{"embeddable":true,"href":"https:\/\/geneva.intercontinental.com\/fr\/wp-json\/wp\/v2\/users\/1"}],"replies":[{"embeddable":true,"href":"https:\/\/geneva.intercontinental.com\/fr\/wp-json\/wp\/v2\/comments?post=43248"}],"version-history":[{"count":7,"href":"https:\/\/geneva.intercontinental.com\/fr\/wp-json\/wp\/v2\/posts\/43248\/revisions"}],"predecessor-version":[{"id":43264,"href":"https:\/\/geneva.intercontinental.com\/fr\/wp-json\/wp\/v2\/posts\/43248\/revisions\/43264"}],"wp:featuredmedia":[{"embeddable":true,"href":"https:\/\/geneva.intercontinental.com\/fr\/wp-json\/wp\/v2\/media\/42691"}],"wp:attachment":[{"href":"https:\/\/geneva.intercontinental.com\/fr\/wp-json\/wp\/v2\/media?parent=43248"}],"wp:term":[{"taxonomy":"category","embeddable":true,"href":"https:\/\/geneva.intercontinental.com\/fr\/wp-json\/wp\/v2\/categories?post=43248"},{"taxonomy":"post_tag","embeddable":true,"href":"https:\/\/geneva.intercontinental.com\/fr\/wp-json\/wp\/v2\/tags?post=43248"}],"curies":[{"name":"wp","href":"https:\/\/api.w.org\/{rel}","templated":true}]}}