{"id":40927,"date":"2026-03-06T14:35:32","date_gmt":"2026-03-06T13:35:32","guid":{"rendered":"https:\/\/geneva.intercontinental.com\/?p=40927"},"modified":"2026-03-16T09:45:06","modified_gmt":"2026-03-16T08:45:06","slug":"brunch-de-paques","status":"publish","type":"post","link":"https:\/\/geneva.intercontinental.com\/fr\/brunch-de-paques\/","title":{"rendered":"Brunch de P\u00e2ques"},"content":{"rendered":"\n<p>L\u2019InterContinental Gen\u00e8ve vous invite \u00e0 c\u00e9l\u00e9brer P\u00e2ques lors d\u2019un brunch le dimanche 5 avril. Profitez d\u2019un buffet g\u00e9n\u00e9reux compos\u00e9 de sp\u00e9cialit\u00e9s printani\u00e8res. Les enfants pourront \u00e9galement participer \u00e0 une chasse aux \u0153ufs organis\u00e9e sp\u00e9cialement pour eux, pour un moment magique en famille.<\/p>\n\n\n\n<p>Le brunch est propos\u00e9 au prix de 160 CHF par adulte et 75 CHF par enfant. <\/p>\n\n\n\n<p>Une occasion parfaite de partager un moment festif et gourmand au c\u0153ur de Gen\u00e8ve.<\/p>\n\n\n\n<div class=\"wp-block-buttons is-content-justification-center is-layout-flex wp-container-core-buttons-is-layout-a89b3969 wp-block-buttons-is-layout-flex\">\n<div class=\"wp-block-button\"><a class=\"wp-block-button__link wp-element-button\" href=\"https:\/\/widget.thefork.com\/fr\/b945d4bc-a1d4-4d5b-8c61-07a74259ea1b?step=date&amp;utm_source=geneva.intercontinental.com\" target=\"_blank\" rel=\"noreferrer noopener\">R\u00e9server<\/a><\/div>\n<\/div>\n\n\n\n<figure class=\"wp-block-gallery has-nested-images columns-default is-cropped wp-block-gallery-1 is-layout-flex wp-block-gallery-is-layout-flex\">\n<figure class=\"wp-block-image size-large\"><img decoding=\"async\" width=\"683\" height=\"1024\" data-id=\"40961\" src=\"https:\/\/geneva.intercontinental.com\/wp-content\/uploads\/sites\/7\/2026\/03\/Brunch-2025_InterContinental-Geneve_33-683x1024.jpg\" alt=\"\" class=\"wp-image-40961\" srcset=\"https:\/\/geneva.intercontinental.com\/wp-content\/uploads\/sites\/7\/2026\/03\/Brunch-2025_InterContinental-Geneve_33-683x1024.jpg 683w, https:\/\/geneva.intercontinental.com\/wp-content\/uploads\/sites\/7\/2026\/03\/Brunch-2025_InterContinental-Geneve_33-200x300.jpg 200w, https:\/\/geneva.intercontinental.com\/wp-content\/uploads\/sites\/7\/2026\/03\/Brunch-2025_InterContinental-Geneve_33-768x1151.jpg 768w, https:\/\/geneva.intercontinental.com\/wp-content\/uploads\/sites\/7\/2026\/03\/Brunch-2025_InterContinental-Geneve_33-1025x1536.jpg 1025w, https:\/\/geneva.intercontinental.com\/wp-content\/uploads\/sites\/7\/2026\/03\/Brunch-2025_InterContinental-Geneve_33-1200x1799.jpg 1200w, https:\/\/geneva.intercontinental.com\/wp-content\/uploads\/sites\/7\/2026\/03\/Brunch-2025_InterContinental-Geneve_33.jpg 1334w\" sizes=\"(max-width: 683px) 100vw, 683px\" \/><\/figure>\n\n\n\n<figure class=\"wp-block-image size-large\"><img decoding=\"async\" width=\"683\" height=\"1024\" data-id=\"40963\" src=\"https:\/\/geneva.intercontinental.com\/wp-content\/uploads\/sites\/7\/2026\/03\/Le-Grand-Brunch_InterContinental-Geneve_20-683x1024.jpg\" alt=\"\" class=\"wp-image-40963\" srcset=\"https:\/\/geneva.intercontinental.com\/wp-content\/uploads\/sites\/7\/2026\/03\/Le-Grand-Brunch_InterContinental-Geneve_20-683x1024.jpg 683w, https:\/\/geneva.intercontinental.com\/wp-content\/uploads\/sites\/7\/2026\/03\/Le-Grand-Brunch_InterContinental-Geneve_20-200x300.jpg 200w, https:\/\/geneva.intercontinental.com\/wp-content\/uploads\/sites\/7\/2026\/03\/Le-Grand-Brunch_InterContinental-Geneve_20-768x1151.jpg 768w, https:\/\/geneva.intercontinental.com\/wp-content\/uploads\/sites\/7\/2026\/03\/Le-Grand-Brunch_InterContinental-Geneve_20-1025x1536.jpg 1025w, https:\/\/geneva.intercontinental.com\/wp-content\/uploads\/sites\/7\/2026\/03\/Le-Grand-Brunch_InterContinental-Geneve_20-1200x1799.jpg 1200w, https:\/\/geneva.intercontinental.com\/wp-content\/uploads\/sites\/7\/2026\/03\/Le-Grand-Brunch_InterContinental-Geneve_20.jpg 1334w\" sizes=\"(max-width: 683px) 100vw, 683px\" \/><\/figure>\n\n\n\n<figure class=\"wp-block-image size-large\"><img decoding=\"async\" width=\"1024\" height=\"683\" data-id=\"40959\" src=\"https:\/\/geneva.intercontinental.com\/wp-content\/uploads\/sites\/7\/2026\/03\/Le-Grand-Brunch_InterContinental-Geneve_28-1024x683.jpg\" alt=\"\" class=\"wp-image-40959\" srcset=\"https:\/\/geneva.intercontinental.com\/wp-content\/uploads\/sites\/7\/2026\/03\/Le-Grand-Brunch_InterContinental-Geneve_28-1024x683.jpg 1024w, https:\/\/geneva.intercontinental.com\/wp-content\/uploads\/sites\/7\/2026\/03\/Le-Grand-Brunch_InterContinental-Geneve_28-300x200.jpg 300w, https:\/\/geneva.intercontinental.com\/wp-content\/uploads\/sites\/7\/2026\/03\/Le-Grand-Brunch_InterContinental-Geneve_28-768x512.jpg 768w, https:\/\/geneva.intercontinental.com\/wp-content\/uploads\/sites\/7\/2026\/03\/Le-Grand-Brunch_InterContinental-Geneve_28-1536x1025.jpg 1536w, https:\/\/geneva.intercontinental.com\/wp-content\/uploads\/sites\/7\/2026\/03\/Le-Grand-Brunch_InterContinental-Geneve_28-1200x800.jpg 1200w, https:\/\/geneva.intercontinental.com\/wp-content\/uploads\/sites\/7\/2026\/03\/Le-Grand-Brunch_InterContinental-Geneve_28.jpg 2000w\" sizes=\"(max-width: 1024px) 100vw, 1024px\" \/><\/figure>\n<\/figure>\n\n\n\n<div style=\"height:50px\" aria-hidden=\"true\" class=\"wp-block-spacer\"><\/div>\n\n\n\n<div class=\"wp-block-columns is-layout-flex wp-container-core-columns-is-layout-28f84493 wp-block-columns-is-layout-flex\">\n<div class=\"wp-block-column is-layout-flow wp-block-column-is-layout-flow\">\n<figure class=\"wp-block-image size-large\"><img decoding=\"async\" width=\"683\" height=\"1024\" src=\"https:\/\/geneva.intercontinental.com\/wp-content\/uploads\/sites\/7\/2026\/03\/Oeuf-de-Paques-InterContinental-Geneve-2026-15-683x1024.jpg\" alt=\"\" class=\"wp-image-40991\" srcset=\"https:\/\/geneva.intercontinental.com\/wp-content\/uploads\/sites\/7\/2026\/03\/Oeuf-de-Paques-InterContinental-Geneve-2026-15-683x1024.jpg 683w, https:\/\/geneva.intercontinental.com\/wp-content\/uploads\/sites\/7\/2026\/03\/Oeuf-de-Paques-InterContinental-Geneve-2026-15-200x300.jpg 200w, https:\/\/geneva.intercontinental.com\/wp-content\/uploads\/sites\/7\/2026\/03\/Oeuf-de-Paques-InterContinental-Geneve-2026-15-768x1151.jpg 768w, https:\/\/geneva.intercontinental.com\/wp-content\/uploads\/sites\/7\/2026\/03\/Oeuf-de-Paques-InterContinental-Geneve-2026-15-1025x1536.jpg 1025w, https:\/\/geneva.intercontinental.com\/wp-content\/uploads\/sites\/7\/2026\/03\/Oeuf-de-Paques-InterContinental-Geneve-2026-15-1200x1799.jpg 1200w, https:\/\/geneva.intercontinental.com\/wp-content\/uploads\/sites\/7\/2026\/03\/Oeuf-de-Paques-InterContinental-Geneve-2026-15.jpg 1334w\" sizes=\"(max-width: 683px) 100vw, 683px\" \/><\/figure>\n<\/div>\n\n\n\n<div class=\"wp-block-column is-vertically-aligned-center is-layout-flow wp-block-column-is-layout-flow\" style=\"flex-basis:66%\">\n<h2 class=\"wp-block-heading\">\u0152uf de P\u00e2ques \u2013 \u00c9dition limit\u00e9e par Ylan Anoufa<\/h2>\n\n\n\n<p>D\u00e9couvrez un \u0153uf de P\u00e2ques d\u2019exception, m\u00ealant&nbsp;savoir\u2011faire p\u00e2tissier&nbsp;et&nbsp;cr\u00e9ation artistique, imagin\u00e9 sp\u00e9cialement pour l\u2019InterContinental Gen\u00e8ve.<\/p>\n\n\n\n<div class=\"wp-block-buttons is-layout-flex wp-block-buttons-is-layout-flex\">\n<div class=\"wp-block-button\"><a class=\"wp-block-button__link wp-element-button\" href=\"https:\/\/geneva.intercontinental.com\/fr\/produit\/oeuf-de-paques-edition-limitee-par-ylan-anoufa\/\">D\u00e9couvrir<\/a><\/div>\n<\/div>\n<\/div>\n<\/div>\n","protected":false},"excerpt":{"rendered":"<p>Brunch de P\u00e2ques le dimanche 5 avril : buffet gourmand, ambiance festive et chasse aux \u0153ufs pour les enfants.<\/p>\n","protected":false},"author":1,"featured_media":40974,"comment_status":"closed","ping_status":"closed","sticky":false,"template":"","format":"standard","meta":{"_acf_changed":false,"footnotes":""},"categories":[17],"tags":[],"class_list":["post-40927","post","type-post","status-publish","format-standard","has-post-thumbnail","hentry","category-actualites"],"acf":[],"yoast_head":"<!-- This site is optimized with the Yoast SEO plugin v26.2 - https:\/\/yoast.com\/wordpress\/plugins\/seo\/ -->\n<title>Brunch de P\u00e2ques - InterContinental Gen\u00e8ve<\/title>\n<meta name=\"description\" content=\"Brunch de P\u00e2ques \u00e0 Gen\u00e8ve \u00e0 l\u2019InterContinental le dimanche 5 avril : buffet gourmand, ambiance festive et chasse aux \u0153ufs pour les enfants.\" \/>\n<meta name=\"robots\" content=\"index, follow, max-snippet:-1, max-image-preview:large, max-video-preview:-1\" \/>\n<link rel=\"canonical\" href=\"https:\/\/geneva.intercontinental.com\/fr\/brunch-de-paques\/\" \/>\n<meta property=\"og:locale\" content=\"fr_FR\" \/>\n<meta property=\"og:type\" content=\"article\" \/>\n<meta property=\"og:title\" content=\"Brunch de P\u00e2ques - InterContinental Gen\u00e8ve\" \/>\n<meta property=\"og:description\" content=\"Brunch de P\u00e2ques \u00e0 Gen\u00e8ve \u00e0 l\u2019InterContinental le dimanche 5 avril : buffet gourmand, ambiance festive et chasse aux \u0153ufs pour les enfants.\" \/>\n<meta property=\"og:url\" content=\"https:\/\/geneva.intercontinental.com\/fr\/brunch-de-paques\/\" \/>\n<meta property=\"og:site_name\" content=\"IHG\" \/>\n<meta property=\"article:published_time\" content=\"2026-03-06T13:35:32+00:00\" \/>\n<meta property=\"article:modified_time\" content=\"2026-03-16T08:45:06+00:00\" \/>\n<meta property=\"og:image\" content=\"https:\/\/geneva.intercontinental.com\/wp-content\/uploads\/sites\/7\/2026\/03\/Le-Grand-Brunch_InterContinental-Geneve_32.jpg\" \/>\n\t<meta property=\"og:image:width\" content=\"2000\" \/>\n\t<meta property=\"og:image:height\" content=\"1248\" \/>\n\t<meta property=\"og:image:type\" content=\"image\/jpeg\" \/>\n<meta name=\"author\" content=\"netsive\" \/>\n<meta name=\"twitter:card\" content=\"summary_large_image\" \/>\n<meta name=\"twitter:label1\" content=\"\u00c9crit par\" \/>\n\t<meta name=\"twitter:data1\" content=\"netsive\" \/>\n\t<meta name=\"twitter:label2\" content=\"Dur\u00e9e de lecture estim\u00e9e\" \/>\n\t<meta name=\"twitter:data2\" content=\"2 minutes\" \/>\n<script type=\"application\/ld+json\" class=\"yoast-schema-graph\">{\"@context\":\"https:\/\/schema.org\",\"@graph\":[{\"@type\":\"Article\",\"@id\":\"https:\/\/geneva.intercontinental.com\/fr\/brunch-de-paques\/#article\",\"isPartOf\":{\"@id\":\"https:\/\/geneva.intercontinental.com\/fr\/brunch-de-paques\/\"},\"author\":{\"name\":\"netsive\",\"@id\":\"https:\/\/geneva.intercontinental.com\/fr\/#\/schema\/person\/16ed2393516772cec016ebdc7d6051e6\"},\"headline\":\"Brunch de P\u00e2ques\",\"datePublished\":\"2026-03-06T13:35:32+00:00\",\"dateModified\":\"2026-03-16T08:45:06+00:00\",\"mainEntityOfPage\":{\"@id\":\"https:\/\/geneva.intercontinental.com\/fr\/brunch-de-paques\/\"},\"wordCount\":131,\"publisher\":{\"@id\":\"https:\/\/geneva.intercontinental.com\/fr\/#organization\"},\"image\":{\"@id\":\"https:\/\/geneva.intercontinental.com\/fr\/brunch-de-paques\/#primaryimage\"},\"thumbnailUrl\":\"https:\/\/geneva.intercontinental.com\/wp-content\/uploads\/sites\/7\/2026\/03\/Le-Grand-Brunch_InterContinental-Geneve_32.jpg\",\"articleSection\":[\"Actualit\u00e9s\"],\"inLanguage\":\"fr-FR\"},{\"@type\":\"WebPage\",\"@id\":\"https:\/\/geneva.intercontinental.com\/fr\/brunch-de-paques\/\",\"url\":\"https:\/\/geneva.intercontinental.com\/fr\/brunch-de-paques\/\",\"name\":\"Brunch de P\u00e2ques - InterContinental Gen\u00e8ve\",\"isPartOf\":{\"@id\":\"https:\/\/geneva.intercontinental.com\/fr\/#website\"},\"primaryImageOfPage\":{\"@id\":\"https:\/\/geneva.intercontinental.com\/fr\/brunch-de-paques\/#primaryimage\"},\"image\":{\"@id\":\"https:\/\/geneva.intercontinental.com\/fr\/brunch-de-paques\/#primaryimage\"},\"thumbnailUrl\":\"https:\/\/geneva.intercontinental.com\/wp-content\/uploads\/sites\/7\/2026\/03\/Le-Grand-Brunch_InterContinental-Geneve_32.jpg\",\"datePublished\":\"2026-03-06T13:35:32+00:00\",\"dateModified\":\"2026-03-16T08:45:06+00:00\",\"description\":\"Brunch de P\u00e2ques \u00e0 Gen\u00e8ve \u00e0 l\u2019InterContinental le dimanche 5 avril : buffet gourmand, ambiance festive et chasse aux \u0153ufs pour les enfants.\",\"breadcrumb\":{\"@id\":\"https:\/\/geneva.intercontinental.com\/fr\/brunch-de-paques\/#breadcrumb\"},\"inLanguage\":\"fr-FR\",\"potentialAction\":[{\"@type\":\"ReadAction\",\"target\":[\"https:\/\/geneva.intercontinental.com\/fr\/brunch-de-paques\/\"]}]},{\"@type\":\"ImageObject\",\"inLanguage\":\"fr-FR\",\"@id\":\"https:\/\/geneva.intercontinental.com\/fr\/brunch-de-paques\/#primaryimage\",\"url\":\"https:\/\/geneva.intercontinental.com\/wp-content\/uploads\/sites\/7\/2026\/03\/Le-Grand-Brunch_InterContinental-Geneve_32.jpg\",\"contentUrl\":\"https:\/\/geneva.intercontinental.com\/wp-content\/uploads\/sites\/7\/2026\/03\/Le-Grand-Brunch_InterContinental-Geneve_32.jpg\",\"width\":2000,\"height\":1248,\"caption\":\"Created with GIMP\"},{\"@type\":\"BreadcrumbList\",\"@id\":\"https:\/\/geneva.intercontinental.com\/fr\/brunch-de-paques\/#breadcrumb\",\"itemListElement\":[{\"@type\":\"ListItem\",\"position\":1,\"name\":\"Accueil\",\"item\":\"https:\/\/geneva.intercontinental.com\/fr\/\"},{\"@type\":\"ListItem\",\"position\":2,\"name\":\"Brunch de P\u00e2ques\"}]},{\"@type\":\"WebSite\",\"@id\":\"https:\/\/geneva.intercontinental.com\/fr\/#website\",\"url\":\"https:\/\/geneva.intercontinental.com\/fr\/\",\"name\":\"IHG\",\"description\":\"Live the InterContinental Life\",\"publisher\":{\"@id\":\"https:\/\/geneva.intercontinental.com\/fr\/#organization\"},\"alternateName\":\"InterContinental Gen\u00e8ve\",\"potentialAction\":[{\"@type\":\"SearchAction\",\"target\":{\"@type\":\"EntryPoint\",\"urlTemplate\":\"https:\/\/geneva.intercontinental.com\/fr\/?s={search_term_string}\"},\"query-input\":{\"@type\":\"PropertyValueSpecification\",\"valueRequired\":true,\"valueName\":\"search_term_string\"}}],\"inLanguage\":\"fr-FR\"},{\"@type\":\"Organization\",\"@id\":\"https:\/\/geneva.intercontinental.com\/fr\/#organization\",\"name\":\"InterContinental Gen\u00e8ve\",\"alternateName\":\"GVAHA\",\"url\":\"https:\/\/geneva.intercontinental.com\/fr\/\",\"logo\":{\"@type\":\"ImageObject\",\"inLanguage\":\"fr-FR\",\"@id\":\"https:\/\/geneva.intercontinental.com\/fr\/#\/schema\/logo\/image\/\",\"url\":\"https:\/\/geneva.intercontinental.com\/wp-content\/uploads\/sites\/7\/2024\/04\/intercontinental-geneve-logo.svg\",\"contentUrl\":\"https:\/\/geneva.intercontinental.com\/wp-content\/uploads\/sites\/7\/2024\/04\/intercontinental-geneve-logo.svg\",\"caption\":\"InterContinental Gen\u00e8ve\"},\"image\":{\"@id\":\"https:\/\/geneva.intercontinental.com\/fr\/#\/schema\/logo\/image\/\"}},{\"@type\":\"Person\",\"@id\":\"https:\/\/geneva.intercontinental.com\/fr\/#\/schema\/person\/16ed2393516772cec016ebdc7d6051e6\",\"name\":\"netsive\",\"sameAs\":[\"http:\/\/intercontinental.development.netsive.com\"]}]}<\/script>\n<!-- \/ Yoast SEO plugin. -->","yoast_head_json":{"title":"Brunch de P\u00e2ques - InterContinental Gen\u00e8ve","description":"Brunch de P\u00e2ques \u00e0 Gen\u00e8ve \u00e0 l\u2019InterContinental le dimanche 5 avril : buffet gourmand, ambiance festive et chasse aux \u0153ufs pour les enfants.","robots":{"index":"index","follow":"follow","max-snippet":"max-snippet:-1","max-image-preview":"max-image-preview:large","max-video-preview":"max-video-preview:-1"},"canonical":"https:\/\/geneva.intercontinental.com\/fr\/brunch-de-paques\/","og_locale":"fr_FR","og_type":"article","og_title":"Brunch de P\u00e2ques - InterContinental Gen\u00e8ve","og_description":"Brunch de P\u00e2ques \u00e0 Gen\u00e8ve \u00e0 l\u2019InterContinental le dimanche 5 avril : buffet gourmand, ambiance festive et chasse aux \u0153ufs pour les enfants.","og_url":"https:\/\/geneva.intercontinental.com\/fr\/brunch-de-paques\/","og_site_name":"IHG","article_published_time":"2026-03-06T13:35:32+00:00","article_modified_time":"2026-03-16T08:45:06+00:00","og_image":[{"width":2000,"height":1248,"url":"https:\/\/geneva.intercontinental.com\/wp-content\/uploads\/sites\/7\/2026\/03\/Le-Grand-Brunch_InterContinental-Geneve_32.jpg","type":"image\/jpeg"}],"author":"netsive","twitter_card":"summary_large_image","twitter_misc":{"\u00c9crit par":"netsive","Dur\u00e9e de lecture estim\u00e9e":"2 minutes"},"schema":{"@context":"https:\/\/schema.org","@graph":[{"@type":"Article","@id":"https:\/\/geneva.intercontinental.com\/fr\/brunch-de-paques\/#article","isPartOf":{"@id":"https:\/\/geneva.intercontinental.com\/fr\/brunch-de-paques\/"},"author":{"name":"netsive","@id":"https:\/\/geneva.intercontinental.com\/fr\/#\/schema\/person\/16ed2393516772cec016ebdc7d6051e6"},"headline":"Brunch de P\u00e2ques","datePublished":"2026-03-06T13:35:32+00:00","dateModified":"2026-03-16T08:45:06+00:00","mainEntityOfPage":{"@id":"https:\/\/geneva.intercontinental.com\/fr\/brunch-de-paques\/"},"wordCount":131,"publisher":{"@id":"https:\/\/geneva.intercontinental.com\/fr\/#organization"},"image":{"@id":"https:\/\/geneva.intercontinental.com\/fr\/brunch-de-paques\/#primaryimage"},"thumbnailUrl":"https:\/\/geneva.intercontinental.com\/wp-content\/uploads\/sites\/7\/2026\/03\/Le-Grand-Brunch_InterContinental-Geneve_32.jpg","articleSection":["Actualit\u00e9s"],"inLanguage":"fr-FR"},{"@type":"WebPage","@id":"https:\/\/geneva.intercontinental.com\/fr\/brunch-de-paques\/","url":"https:\/\/geneva.intercontinental.com\/fr\/brunch-de-paques\/","name":"Brunch de P\u00e2ques - InterContinental Gen\u00e8ve","isPartOf":{"@id":"https:\/\/geneva.intercontinental.com\/fr\/#website"},"primaryImageOfPage":{"@id":"https:\/\/geneva.intercontinental.com\/fr\/brunch-de-paques\/#primaryimage"},"image":{"@id":"https:\/\/geneva.intercontinental.com\/fr\/brunch-de-paques\/#primaryimage"},"thumbnailUrl":"https:\/\/geneva.intercontinental.com\/wp-content\/uploads\/sites\/7\/2026\/03\/Le-Grand-Brunch_InterContinental-Geneve_32.jpg","datePublished":"2026-03-06T13:35:32+00:00","dateModified":"2026-03-16T08:45:06+00:00","description":"Brunch de P\u00e2ques \u00e0 Gen\u00e8ve \u00e0 l\u2019InterContinental le dimanche 5 avril : buffet gourmand, ambiance festive et chasse aux \u0153ufs pour les enfants.","breadcrumb":{"@id":"https:\/\/geneva.intercontinental.com\/fr\/brunch-de-paques\/#breadcrumb"},"inLanguage":"fr-FR","potentialAction":[{"@type":"ReadAction","target":["https:\/\/geneva.intercontinental.com\/fr\/brunch-de-paques\/"]}]},{"@type":"ImageObject","inLanguage":"fr-FR","@id":"https:\/\/geneva.intercontinental.com\/fr\/brunch-de-paques\/#primaryimage","url":"https:\/\/geneva.intercontinental.com\/wp-content\/uploads\/sites\/7\/2026\/03\/Le-Grand-Brunch_InterContinental-Geneve_32.jpg","contentUrl":"https:\/\/geneva.intercontinental.com\/wp-content\/uploads\/sites\/7\/2026\/03\/Le-Grand-Brunch_InterContinental-Geneve_32.jpg","width":2000,"height":1248,"caption":"Created with GIMP"},{"@type":"BreadcrumbList","@id":"https:\/\/geneva.intercontinental.com\/fr\/brunch-de-paques\/#breadcrumb","itemListElement":[{"@type":"ListItem","position":1,"name":"Accueil","item":"https:\/\/geneva.intercontinental.com\/fr\/"},{"@type":"ListItem","position":2,"name":"Brunch de P\u00e2ques"}]},{"@type":"WebSite","@id":"https:\/\/geneva.intercontinental.com\/fr\/#website","url":"https:\/\/geneva.intercontinental.com\/fr\/","name":"IHG","description":"Live the InterContinental Life","publisher":{"@id":"https:\/\/geneva.intercontinental.com\/fr\/#organization"},"alternateName":"InterContinental Gen\u00e8ve","potentialAction":[{"@type":"SearchAction","target":{"@type":"EntryPoint","urlTemplate":"https:\/\/geneva.intercontinental.com\/fr\/?s={search_term_string}"},"query-input":{"@type":"PropertyValueSpecification","valueRequired":true,"valueName":"search_term_string"}}],"inLanguage":"fr-FR"},{"@type":"Organization","@id":"https:\/\/geneva.intercontinental.com\/fr\/#organization","name":"InterContinental Gen\u00e8ve","alternateName":"GVAHA","url":"https:\/\/geneva.intercontinental.com\/fr\/","logo":{"@type":"ImageObject","inLanguage":"fr-FR","@id":"https:\/\/geneva.intercontinental.com\/fr\/#\/schema\/logo\/image\/","url":"https:\/\/geneva.intercontinental.com\/wp-content\/uploads\/sites\/7\/2024\/04\/intercontinental-geneve-logo.svg","contentUrl":"https:\/\/geneva.intercontinental.com\/wp-content\/uploads\/sites\/7\/2024\/04\/intercontinental-geneve-logo.svg","caption":"InterContinental Gen\u00e8ve"},"image":{"@id":"https:\/\/geneva.intercontinental.com\/fr\/#\/schema\/logo\/image\/"}},{"@type":"Person","@id":"https:\/\/geneva.intercontinental.com\/fr\/#\/schema\/person\/16ed2393516772cec016ebdc7d6051e6","name":"netsive","sameAs":["http:\/\/intercontinental.development.netsive.com"]}]}},"_links":{"self":[{"href":"https:\/\/geneva.intercontinental.com\/fr\/wp-json\/wp\/v2\/posts\/40927","targetHints":{"allow":["GET"]}}],"collection":[{"href":"https:\/\/geneva.intercontinental.com\/fr\/wp-json\/wp\/v2\/posts"}],"about":[{"href":"https:\/\/geneva.intercontinental.com\/fr\/wp-json\/wp\/v2\/types\/post"}],"author":[{"embeddable":true,"href":"https:\/\/geneva.intercontinental.com\/fr\/wp-json\/wp\/v2\/users\/1"}],"replies":[{"embeddable":true,"href":"https:\/\/geneva.intercontinental.com\/fr\/wp-json\/wp\/v2\/comments?post=40927"}],"version-history":[{"count":8,"href":"https:\/\/geneva.intercontinental.com\/fr\/wp-json\/wp\/v2\/posts\/40927\/revisions"}],"predecessor-version":[{"id":40996,"href":"https:\/\/geneva.intercontinental.com\/fr\/wp-json\/wp\/v2\/posts\/40927\/revisions\/40996"}],"wp:featuredmedia":[{"embeddable":true,"href":"https:\/\/geneva.intercontinental.com\/fr\/wp-json\/wp\/v2\/media\/40974"}],"wp:attachment":[{"href":"https:\/\/geneva.intercontinental.com\/fr\/wp-json\/wp\/v2\/media?parent=40927"}],"wp:term":[{"taxonomy":"category","embeddable":true,"href":"https:\/\/geneva.intercontinental.com\/fr\/wp-json\/wp\/v2\/categories?post=40927"},{"taxonomy":"post_tag","embeddable":true,"href":"https:\/\/geneva.intercontinental.com\/fr\/wp-json\/wp\/v2\/tags?post=40927"}],"curies":[{"name":"wp","href":"https:\/\/api.w.org\/{rel}","templated":true}]}}