{"id":37595,"date":"2025-08-26T11:09:39","date_gmt":"2025-08-26T09:09:39","guid":{"rendered":"https:\/\/geneva.intercontinental.com\/?p=37595"},"modified":"2025-08-26T11:16:48","modified_gmt":"2025-08-26T09:16:48","slug":"le-grand-brunch-fait-son-grand-retour","status":"publish","type":"post","link":"https:\/\/geneva.intercontinental.com\/fr\/le-grand-brunch-fait-son-grand-retour\/","title":{"rendered":"Le Grand Brunch fait son grand retour !"},"content":{"rendered":"\n<p><strong>Un nouveau nom, un buffet encore plus savoureux.<\/strong><\/p>\n\n\n\n<p>Qui dit rentr\u00e9e dit aussi retour de notre rendez-vous gourmand\u2026\u00a0et au Restaurant Woods \u00e0 Gen\u00e8ve, la rentr\u00e9e rime avec l&#8217;ouverture de son Grand Brunch, <strong>d\u00e8s le 31 ao\u00fbt prochain.<\/strong><\/p>\n\n\n\n<p>Au menu de cette parenth\u00e8se gourmande, un choix raffin\u00e9 d\u2019entr\u00e9es froides compos\u00e9es de salades, charcuterie et fromages locaux ; un banc d\u2019\u00e9cailler qui regorge de tr\u00e9sors : <strong>hu\u00eetres, homards, langoustes, crevettes, ceviches, tartares de poissons<\/strong> ; des <strong>animations culinaires<\/strong> qui varient chaque dimanche et des <strong>desserts<\/strong>, clou du spectacle, qui surprennent autant par leur beaut\u00e9 que par leurs saveurs.<\/p>\n\n\n\n<p>Tous les dimanches, la table de l\u2019h\u00f4tel, le Woods, r\u00e9unit familles et amis autour d\u2019un brunch g\u00e9n\u00e9reux et savoureux, un superbe m\u00e9lange de sucr\u00e9 et de sal\u00e9 pr\u00e9par\u00e9 par le Chef Quentin Jacquemoud et son \u00e9quipe, \u00e0&nbsp;d\u00e9guster dans la grande salle ou sur la terrasse d\u2019inspiration zen.<\/p>\n\n\n\n<p>Au menu de cette parenth\u00e8se gourmande, un choix raffin\u00e9 d\u2019entr\u00e9es froides compos\u00e9es de salades, charcuterie et fromages locaux, un banc d\u2019\u00e9cailler qui regorge de tr\u00e9sors : hu\u00eetres, homard, langoustes, crevettes, ceviches, tartares de poissons, des animations culinaires qui varient chaque dimanche et des desserts, clou du spectacle, qui surprennent autant par leur beaut\u00e9 que par leurs saveurs.<\/p>\n\n\n\n<p>Les enfants profitent d\u2019un espace qui leur est d\u00e9di\u00e9 avec jeux et animations encadr\u00e9s par une babysitter, pendant que les parents savourent le brunch en toute tranquillit\u00e9.<\/p>\n\n\n\n<div style=\"height:30px\" aria-hidden=\"true\" class=\"wp-block-spacer\"><\/div>\n\n\n\n<p><strong>Informations pratiques :<\/strong><\/p>\n\n\n\n<ul class=\"wp-block-list\">\n<li><em>D\u00e8s le dimanche 31 ao\u00fbt<\/em> 2025<\/li>\n\n\n\n<li><em>\u00c0 partir de 12h15 et jusqu&#8217;\u00e0 15h30<\/em><\/li>\n\n\n\n<li><em>Tarifs : <strong>CHF 130.-<\/strong> par personne (incluant une coupe de champagne ou mocktail) |<strong> CHF 60.- <\/strong>pour les enfants entre 6 et 12 ans | <strong>Gratuit<\/strong> pour les moins de 5 ans<\/em><\/li>\n\n\n\n<li><em>Parking disponible sur place<\/em><\/li>\n\n\n\n<li><em>Kids friendly \u2013 babysitter sur place avec espace enfant d\u00e9di\u00e9 (\u00e0 partir de 3 ans)<\/em><\/li>\n<\/ul>\n\n\n\n<div class=\"wp-block-buttons is-content-justification-center is-layout-flex wp-container-core-buttons-is-layout-a89b3969 wp-block-buttons-is-layout-flex\">\n<div class=\"wp-block-button\"><a class=\"wp-block-button__link wp-element-button\" href=\"https:\/\/www.thefork.ch\/restaurant\/woods-intercontinental-geneve-r25255\" target=\"_blank\" rel=\"noreferrer noopener\">R\u00e9server une table<\/a><\/div>\n\n\n\n<div class=\"wp-block-button\"><a class=\"wp-block-button__link wp-element-button\" href=\"https:\/\/geneva.intercontinental.com\/fr\/produit\/brunch-au-woods\/\">Offrir un bon cadeau<\/a><\/div>\n<\/div>\n","protected":false},"excerpt":{"rendered":"<p>(Re)d\u00e9couvrez notre brunch d\u00e8s le dimanche 31 ao\u00fbt : buffet raffin\u00e9, banc d\u2019\u00e9cailler, animations culinaires \u00e0 savourer en famille ou entre amis.<\/p>\n","protected":false},"author":21,"featured_media":20194,"comment_status":"closed","ping_status":"open","sticky":false,"template":"","format":"standard","meta":{"_acf_changed":false,"footnotes":""},"categories":[17],"tags":[],"class_list":["post-37595","post","type-post","status-publish","format-standard","has-post-thumbnail","hentry","category-actualites"],"acf":[],"yoast_head":"<!-- This site is optimized with the Yoast SEO plugin v26.2 - https:\/\/yoast.com\/wordpress\/plugins\/seo\/ -->\n<title>Le Grand Brunch fait son grand retour ! - InterContinental Gen\u00e8ve<\/title>\n<meta name=\"description\" content=\"(Re)d\u00e9couvrez notre brunch d\u00e8s le 31 ao\u00fbt : buffet raffin\u00e9, banc d\u2019\u00e9cailler, animations culinaires \u00e0 savourer en famille ou entre amis.\" \/>\n<meta name=\"robots\" content=\"index, follow, max-snippet:-1, max-image-preview:large, max-video-preview:-1\" \/>\n<link rel=\"canonical\" href=\"https:\/\/geneva.intercontinental.com\/fr\/le-grand-brunch-fait-son-grand-retour\/\" \/>\n<meta property=\"og:locale\" content=\"fr_FR\" \/>\n<meta property=\"og:type\" content=\"article\" \/>\n<meta property=\"og:title\" content=\"Le Grand Brunch fait son grand retour ! - InterContinental Gen\u00e8ve\" \/>\n<meta property=\"og:description\" content=\"(Re)d\u00e9couvrez notre brunch d\u00e8s le 31 ao\u00fbt : buffet raffin\u00e9, banc d\u2019\u00e9cailler, animations culinaires \u00e0 savourer en famille ou entre amis.\" \/>\n<meta property=\"og:url\" content=\"https:\/\/geneva.intercontinental.com\/fr\/le-grand-brunch-fait-son-grand-retour\/\" \/>\n<meta property=\"og:site_name\" content=\"IHG\" \/>\n<meta property=\"article:published_time\" content=\"2025-08-26T09:09:39+00:00\" \/>\n<meta property=\"article:modified_time\" content=\"2025-08-26T09:16:48+00:00\" \/>\n<meta property=\"og:image\" content=\"https:\/\/geneva.intercontinental.com\/wp-content\/uploads\/sites\/7\/2023\/10\/Brunch_IC_23_Nicolas_Stajic_45-min.webp\" \/>\n\t<meta property=\"og:image:width\" content=\"2048\" \/>\n\t<meta property=\"og:image:height\" content=\"1366\" \/>\n\t<meta property=\"og:image:type\" content=\"image\/webp\" \/>\n<meta name=\"author\" content=\"Eva Bouillet\" \/>\n<meta name=\"twitter:card\" content=\"summary_large_image\" \/>\n<meta name=\"twitter:label1\" content=\"\u00c9crit par\" \/>\n\t<meta name=\"twitter:data1\" content=\"Eva Bouillet\" \/>\n\t<meta name=\"twitter:label2\" content=\"Dur\u00e9e de lecture estim\u00e9e\" \/>\n\t<meta name=\"twitter:data2\" content=\"2 minutes\" \/>\n<script type=\"application\/ld+json\" class=\"yoast-schema-graph\">{\"@context\":\"https:\/\/schema.org\",\"@graph\":[{\"@type\":\"Article\",\"@id\":\"https:\/\/geneva.intercontinental.com\/fr\/le-grand-brunch-fait-son-grand-retour\/#article\",\"isPartOf\":{\"@id\":\"https:\/\/geneva.intercontinental.com\/fr\/le-grand-brunch-fait-son-grand-retour\/\"},\"author\":{\"name\":\"Eva Bouillet\",\"@id\":\"https:\/\/geneva.intercontinental.com\/fr\/#\/schema\/person\/5f5178d6c5988f2c5e80aeaa72a3d765\"},\"headline\":\"Le Grand Brunch fait son grand retour !\",\"datePublished\":\"2025-08-26T09:09:39+00:00\",\"dateModified\":\"2025-08-26T09:16:48+00:00\",\"mainEntityOfPage\":{\"@id\":\"https:\/\/geneva.intercontinental.com\/fr\/le-grand-brunch-fait-son-grand-retour\/\"},\"wordCount\":328,\"publisher\":{\"@id\":\"https:\/\/geneva.intercontinental.com\/fr\/#organization\"},\"image\":{\"@id\":\"https:\/\/geneva.intercontinental.com\/fr\/le-grand-brunch-fait-son-grand-retour\/#primaryimage\"},\"thumbnailUrl\":\"https:\/\/geneva.intercontinental.com\/wp-content\/uploads\/sites\/7\/2023\/10\/Brunch_IC_23_Nicolas_Stajic_45-min.webp\",\"articleSection\":[\"Actualit\u00e9s\"],\"inLanguage\":\"fr-FR\"},{\"@type\":\"WebPage\",\"@id\":\"https:\/\/geneva.intercontinental.com\/fr\/le-grand-brunch-fait-son-grand-retour\/\",\"url\":\"https:\/\/geneva.intercontinental.com\/fr\/le-grand-brunch-fait-son-grand-retour\/\",\"name\":\"Le Grand Brunch fait son grand retour ! - InterContinental Gen\u00e8ve\",\"isPartOf\":{\"@id\":\"https:\/\/geneva.intercontinental.com\/fr\/#website\"},\"primaryImageOfPage\":{\"@id\":\"https:\/\/geneva.intercontinental.com\/fr\/le-grand-brunch-fait-son-grand-retour\/#primaryimage\"},\"image\":{\"@id\":\"https:\/\/geneva.intercontinental.com\/fr\/le-grand-brunch-fait-son-grand-retour\/#primaryimage\"},\"thumbnailUrl\":\"https:\/\/geneva.intercontinental.com\/wp-content\/uploads\/sites\/7\/2023\/10\/Brunch_IC_23_Nicolas_Stajic_45-min.webp\",\"datePublished\":\"2025-08-26T09:09:39+00:00\",\"dateModified\":\"2025-08-26T09:16:48+00:00\",\"description\":\"(Re)d\u00e9couvrez notre brunch d\u00e8s le 31 ao\u00fbt : buffet raffin\u00e9, banc d\u2019\u00e9cailler, animations culinaires \u00e0 savourer en famille ou entre amis.\",\"breadcrumb\":{\"@id\":\"https:\/\/geneva.intercontinental.com\/fr\/le-grand-brunch-fait-son-grand-retour\/#breadcrumb\"},\"inLanguage\":\"fr-FR\",\"potentialAction\":[{\"@type\":\"ReadAction\",\"target\":[\"https:\/\/geneva.intercontinental.com\/fr\/le-grand-brunch-fait-son-grand-retour\/\"]}]},{\"@type\":\"ImageObject\",\"inLanguage\":\"fr-FR\",\"@id\":\"https:\/\/geneva.intercontinental.com\/fr\/le-grand-brunch-fait-son-grand-retour\/#primaryimage\",\"url\":\"https:\/\/geneva.intercontinental.com\/wp-content\/uploads\/sites\/7\/2023\/10\/Brunch_IC_23_Nicolas_Stajic_45-min.webp\",\"contentUrl\":\"https:\/\/geneva.intercontinental.com\/wp-content\/uploads\/sites\/7\/2023\/10\/Brunch_IC_23_Nicolas_Stajic_45-min.webp\",\"width\":2048,\"height\":1366},{\"@type\":\"BreadcrumbList\",\"@id\":\"https:\/\/geneva.intercontinental.com\/fr\/le-grand-brunch-fait-son-grand-retour\/#breadcrumb\",\"itemListElement\":[{\"@type\":\"ListItem\",\"position\":1,\"name\":\"Accueil\",\"item\":\"https:\/\/geneva.intercontinental.com\/fr\/\"},{\"@type\":\"ListItem\",\"position\":2,\"name\":\"Le Grand Brunch fait son grand retour !\"}]},{\"@type\":\"WebSite\",\"@id\":\"https:\/\/geneva.intercontinental.com\/fr\/#website\",\"url\":\"https:\/\/geneva.intercontinental.com\/fr\/\",\"name\":\"IHG\",\"description\":\"Live the InterContinental Life\",\"publisher\":{\"@id\":\"https:\/\/geneva.intercontinental.com\/fr\/#organization\"},\"alternateName\":\"InterContinental Gen\u00e8ve\",\"potentialAction\":[{\"@type\":\"SearchAction\",\"target\":{\"@type\":\"EntryPoint\",\"urlTemplate\":\"https:\/\/geneva.intercontinental.com\/fr\/?s={search_term_string}\"},\"query-input\":{\"@type\":\"PropertyValueSpecification\",\"valueRequired\":true,\"valueName\":\"search_term_string\"}}],\"inLanguage\":\"fr-FR\"},{\"@type\":\"Organization\",\"@id\":\"https:\/\/geneva.intercontinental.com\/fr\/#organization\",\"name\":\"InterContinental Gen\u00e8ve\",\"alternateName\":\"GVAHA\",\"url\":\"https:\/\/geneva.intercontinental.com\/fr\/\",\"logo\":{\"@type\":\"ImageObject\",\"inLanguage\":\"fr-FR\",\"@id\":\"https:\/\/geneva.intercontinental.com\/fr\/#\/schema\/logo\/image\/\",\"url\":\"https:\/\/geneva.intercontinental.com\/wp-content\/uploads\/sites\/7\/2024\/04\/intercontinental-geneve-logo.svg\",\"contentUrl\":\"https:\/\/geneva.intercontinental.com\/wp-content\/uploads\/sites\/7\/2024\/04\/intercontinental-geneve-logo.svg\",\"caption\":\"InterContinental Gen\u00e8ve\"},\"image\":{\"@id\":\"https:\/\/geneva.intercontinental.com\/fr\/#\/schema\/logo\/image\/\"}},{\"@type\":\"Person\",\"@id\":\"https:\/\/geneva.intercontinental.com\/fr\/#\/schema\/person\/5f5178d6c5988f2c5e80aeaa72a3d765\",\"name\":\"Eva Bouillet\"}]}<\/script>\n<!-- \/ Yoast SEO plugin. -->","yoast_head_json":{"title":"Le Grand Brunch fait son grand retour ! - InterContinental Gen\u00e8ve","description":"(Re)d\u00e9couvrez notre brunch d\u00e8s le 31 ao\u00fbt : buffet raffin\u00e9, banc d\u2019\u00e9cailler, animations culinaires \u00e0 savourer en famille ou entre amis.","robots":{"index":"index","follow":"follow","max-snippet":"max-snippet:-1","max-image-preview":"max-image-preview:large","max-video-preview":"max-video-preview:-1"},"canonical":"https:\/\/geneva.intercontinental.com\/fr\/le-grand-brunch-fait-son-grand-retour\/","og_locale":"fr_FR","og_type":"article","og_title":"Le Grand Brunch fait son grand retour ! - InterContinental Gen\u00e8ve","og_description":"(Re)d\u00e9couvrez notre brunch d\u00e8s le 31 ao\u00fbt : buffet raffin\u00e9, banc d\u2019\u00e9cailler, animations culinaires \u00e0 savourer en famille ou entre amis.","og_url":"https:\/\/geneva.intercontinental.com\/fr\/le-grand-brunch-fait-son-grand-retour\/","og_site_name":"IHG","article_published_time":"2025-08-26T09:09:39+00:00","article_modified_time":"2025-08-26T09:16:48+00:00","og_image":[{"width":2048,"height":1366,"url":"https:\/\/geneva.intercontinental.com\/wp-content\/uploads\/sites\/7\/2023\/10\/Brunch_IC_23_Nicolas_Stajic_45-min.webp","type":"image\/webp"}],"author":"Eva Bouillet","twitter_card":"summary_large_image","twitter_misc":{"\u00c9crit par":"Eva Bouillet","Dur\u00e9e de lecture estim\u00e9e":"2 minutes"},"schema":{"@context":"https:\/\/schema.org","@graph":[{"@type":"Article","@id":"https:\/\/geneva.intercontinental.com\/fr\/le-grand-brunch-fait-son-grand-retour\/#article","isPartOf":{"@id":"https:\/\/geneva.intercontinental.com\/fr\/le-grand-brunch-fait-son-grand-retour\/"},"author":{"name":"Eva Bouillet","@id":"https:\/\/geneva.intercontinental.com\/fr\/#\/schema\/person\/5f5178d6c5988f2c5e80aeaa72a3d765"},"headline":"Le Grand Brunch fait son grand retour !","datePublished":"2025-08-26T09:09:39+00:00","dateModified":"2025-08-26T09:16:48+00:00","mainEntityOfPage":{"@id":"https:\/\/geneva.intercontinental.com\/fr\/le-grand-brunch-fait-son-grand-retour\/"},"wordCount":328,"publisher":{"@id":"https:\/\/geneva.intercontinental.com\/fr\/#organization"},"image":{"@id":"https:\/\/geneva.intercontinental.com\/fr\/le-grand-brunch-fait-son-grand-retour\/#primaryimage"},"thumbnailUrl":"https:\/\/geneva.intercontinental.com\/wp-content\/uploads\/sites\/7\/2023\/10\/Brunch_IC_23_Nicolas_Stajic_45-min.webp","articleSection":["Actualit\u00e9s"],"inLanguage":"fr-FR"},{"@type":"WebPage","@id":"https:\/\/geneva.intercontinental.com\/fr\/le-grand-brunch-fait-son-grand-retour\/","url":"https:\/\/geneva.intercontinental.com\/fr\/le-grand-brunch-fait-son-grand-retour\/","name":"Le Grand Brunch fait son grand retour ! - InterContinental Gen\u00e8ve","isPartOf":{"@id":"https:\/\/geneva.intercontinental.com\/fr\/#website"},"primaryImageOfPage":{"@id":"https:\/\/geneva.intercontinental.com\/fr\/le-grand-brunch-fait-son-grand-retour\/#primaryimage"},"image":{"@id":"https:\/\/geneva.intercontinental.com\/fr\/le-grand-brunch-fait-son-grand-retour\/#primaryimage"},"thumbnailUrl":"https:\/\/geneva.intercontinental.com\/wp-content\/uploads\/sites\/7\/2023\/10\/Brunch_IC_23_Nicolas_Stajic_45-min.webp","datePublished":"2025-08-26T09:09:39+00:00","dateModified":"2025-08-26T09:16:48+00:00","description":"(Re)d\u00e9couvrez notre brunch d\u00e8s le 31 ao\u00fbt : buffet raffin\u00e9, banc d\u2019\u00e9cailler, animations culinaires \u00e0 savourer en famille ou entre amis.","breadcrumb":{"@id":"https:\/\/geneva.intercontinental.com\/fr\/le-grand-brunch-fait-son-grand-retour\/#breadcrumb"},"inLanguage":"fr-FR","potentialAction":[{"@type":"ReadAction","target":["https:\/\/geneva.intercontinental.com\/fr\/le-grand-brunch-fait-son-grand-retour\/"]}]},{"@type":"ImageObject","inLanguage":"fr-FR","@id":"https:\/\/geneva.intercontinental.com\/fr\/le-grand-brunch-fait-son-grand-retour\/#primaryimage","url":"https:\/\/geneva.intercontinental.com\/wp-content\/uploads\/sites\/7\/2023\/10\/Brunch_IC_23_Nicolas_Stajic_45-min.webp","contentUrl":"https:\/\/geneva.intercontinental.com\/wp-content\/uploads\/sites\/7\/2023\/10\/Brunch_IC_23_Nicolas_Stajic_45-min.webp","width":2048,"height":1366},{"@type":"BreadcrumbList","@id":"https:\/\/geneva.intercontinental.com\/fr\/le-grand-brunch-fait-son-grand-retour\/#breadcrumb","itemListElement":[{"@type":"ListItem","position":1,"name":"Accueil","item":"https:\/\/geneva.intercontinental.com\/fr\/"},{"@type":"ListItem","position":2,"name":"Le Grand Brunch fait son grand retour !"}]},{"@type":"WebSite","@id":"https:\/\/geneva.intercontinental.com\/fr\/#website","url":"https:\/\/geneva.intercontinental.com\/fr\/","name":"IHG","description":"Live the InterContinental Life","publisher":{"@id":"https:\/\/geneva.intercontinental.com\/fr\/#organization"},"alternateName":"InterContinental Gen\u00e8ve","potentialAction":[{"@type":"SearchAction","target":{"@type":"EntryPoint","urlTemplate":"https:\/\/geneva.intercontinental.com\/fr\/?s={search_term_string}"},"query-input":{"@type":"PropertyValueSpecification","valueRequired":true,"valueName":"search_term_string"}}],"inLanguage":"fr-FR"},{"@type":"Organization","@id":"https:\/\/geneva.intercontinental.com\/fr\/#organization","name":"InterContinental Gen\u00e8ve","alternateName":"GVAHA","url":"https:\/\/geneva.intercontinental.com\/fr\/","logo":{"@type":"ImageObject","inLanguage":"fr-FR","@id":"https:\/\/geneva.intercontinental.com\/fr\/#\/schema\/logo\/image\/","url":"https:\/\/geneva.intercontinental.com\/wp-content\/uploads\/sites\/7\/2024\/04\/intercontinental-geneve-logo.svg","contentUrl":"https:\/\/geneva.intercontinental.com\/wp-content\/uploads\/sites\/7\/2024\/04\/intercontinental-geneve-logo.svg","caption":"InterContinental Gen\u00e8ve"},"image":{"@id":"https:\/\/geneva.intercontinental.com\/fr\/#\/schema\/logo\/image\/"}},{"@type":"Person","@id":"https:\/\/geneva.intercontinental.com\/fr\/#\/schema\/person\/5f5178d6c5988f2c5e80aeaa72a3d765","name":"Eva Bouillet"}]}},"_links":{"self":[{"href":"https:\/\/geneva.intercontinental.com\/fr\/wp-json\/wp\/v2\/posts\/37595","targetHints":{"allow":["GET"]}}],"collection":[{"href":"https:\/\/geneva.intercontinental.com\/fr\/wp-json\/wp\/v2\/posts"}],"about":[{"href":"https:\/\/geneva.intercontinental.com\/fr\/wp-json\/wp\/v2\/types\/post"}],"author":[{"embeddable":true,"href":"https:\/\/geneva.intercontinental.com\/fr\/wp-json\/wp\/v2\/users\/21"}],"replies":[{"embeddable":true,"href":"https:\/\/geneva.intercontinental.com\/fr\/wp-json\/wp\/v2\/comments?post=37595"}],"version-history":[{"count":5,"href":"https:\/\/geneva.intercontinental.com\/fr\/wp-json\/wp\/v2\/posts\/37595\/revisions"}],"predecessor-version":[{"id":37607,"href":"https:\/\/geneva.intercontinental.com\/fr\/wp-json\/wp\/v2\/posts\/37595\/revisions\/37607"}],"wp:featuredmedia":[{"embeddable":true,"href":"https:\/\/geneva.intercontinental.com\/fr\/wp-json\/wp\/v2\/media\/20194"}],"wp:attachment":[{"href":"https:\/\/geneva.intercontinental.com\/fr\/wp-json\/wp\/v2\/media?parent=37595"}],"wp:term":[{"taxonomy":"category","embeddable":true,"href":"https:\/\/geneva.intercontinental.com\/fr\/wp-json\/wp\/v2\/categories?post=37595"},{"taxonomy":"post_tag","embeddable":true,"href":"https:\/\/geneva.intercontinental.com\/fr\/wp-json\/wp\/v2\/tags?post=37595"}],"curies":[{"name":"wp","href":"https:\/\/api.w.org\/{rel}","templated":true}]}}