{"id":35363,"date":"2025-04-08T11:25:42","date_gmt":"2025-04-08T09:25:42","guid":{"rendered":"https:\/\/geneva.intercontinental.com\/?p=35363"},"modified":"2025-04-08T11:26:11","modified_gmt":"2025-04-08T09:26:11","slug":"intercontinental-geneve-parmi-les-meilleurs-hotels-de-suisse","status":"publish","type":"post","link":"https:\/\/geneva.intercontinental.com\/fr\/intercontinental-geneve-parmi-les-meilleurs-hotels-de-suisse\/","title":{"rendered":"L&#8217;h\u00f4tel distingu\u00e9 parmi les meilleurs h\u00f4tels de Suisse"},"content":{"rendered":"\n<p>Nous sommes fiers d\u2019annoncer qu\u2019InterContinental Gen\u00e8ve a re\u00e7u la distinction &#8220;Excellent&#8221; dans le prestigieux classement <a href=\"https:\/\/die-101-besten.ch\/hotel\/intercontinental-geneve-an-ihg-hotel\/\" target=\"_blank\" rel=\"noreferrer noopener\">Die 101 Besten Hotels de Suisse<\/a> \u00e9dition 2025.<\/p>\n\n\n\n<p>Ce classement ind\u00e9pendant, reconnu dans le secteur de l\u2019h\u00f4tellerie, met \u00e0 l\u2019honneur les \u00e9tablissements qui se distinguent par la qualit\u00e9 de leurs prestations, l\u2019excellence du service, et l\u2019exp\u00e9rience client.<\/p>\n\n\n\n<p>Cette ann\u00e9e, notre h\u00f4tel se positionne avec fiert\u00e9 \u00e0 la :<\/p>\n\n\n\n<ul class=\"wp-block-list\">\n<li><strong>6\u00e8me place dans la cat\u00e9gorie Luxury Meeting &amp; Event Hotels<\/strong>, une reconnaissance de notre expertise dans l\u2019organisation d\u2019\u00e9v\u00e9nements haut de gamme, de conf\u00e9rences internationales et de r\u00e9ceptions priv\u00e9es,<\/li>\n\n\n\n<li><strong>19\u00e8me place dans la cat\u00e9gorie Business<\/strong>, soulignant notre capacit\u00e9 \u00e0 r\u00e9pondre aux besoins des voyageurs d\u2019affaires les plus exigeants.<\/li>\n<\/ul>\n\n\n\n<h3 class=\"wp-block-heading has-medium-font-size\"><strong>Une r\u00e9compense qui refl\u00e8te l\u2019engagement de nos \u00e9quipes<\/strong><\/h3>\n\n\n\n<p>Cette double distinction est le fruit du travail quotidien de nos \u00e9quipes, passionn\u00e9es et engag\u00e9es, qui font vivre l\u2019esprit InterContinental \u00e0 travers un service personnalis\u00e9, une attention aux moindres d\u00e9tails et un accueil chaleureux.<\/p>\n\n\n\n<p>Elle vient \u00e9galement souligner l\u2019attractivit\u00e9 de notre offre MICE (Meetings, Incentives, Conferences, and Exhibitions), gr\u00e2ce \u00e0 des infrastructures modernes, des espaces modulables, une gastronomie raffin\u00e9e et un accompagnement sur mesure.<\/p>\n\n\n\n<div class=\"wp-block-columns is-layout-flex wp-container-core-columns-is-layout-28f84493 wp-block-columns-is-layout-flex\">\n<div class=\"wp-block-column is-layout-flow wp-block-column-is-layout-flow\"><\/div>\n\n\n\n<div class=\"wp-block-column is-layout-flow wp-block-column-is-layout-flow\">\n<figure class=\"wp-block-image aligncenter size-large is-resized\"><a href=\"https:\/\/die-101-besten.ch\/hotel\/intercontinental-geneve-an-ihg-hotel\/\" target=\"_blank\" rel=\" noreferrer noopener\"><img decoding=\"async\" width=\"1024\" height=\"973\" src=\"https:\/\/geneva.intercontinental.com\/wp-content\/uploads\/sites\/7\/2025\/04\/Siegel_CH_25_Excellent-schwarz-1024x973.png\" alt=\"\" class=\"wp-image-35364\" style=\"width:255px;height:auto\" srcset=\"https:\/\/geneva.intercontinental.com\/wp-content\/uploads\/sites\/7\/2025\/04\/Siegel_CH_25_Excellent-schwarz-1024x973.png 1024w, https:\/\/geneva.intercontinental.com\/wp-content\/uploads\/sites\/7\/2025\/04\/Siegel_CH_25_Excellent-schwarz-300x285.png 300w, https:\/\/geneva.intercontinental.com\/wp-content\/uploads\/sites\/7\/2025\/04\/Siegel_CH_25_Excellent-schwarz-768x730.png 768w, https:\/\/geneva.intercontinental.com\/wp-content\/uploads\/sites\/7\/2025\/04\/Siegel_CH_25_Excellent-schwarz-1536x1460.png 1536w, https:\/\/geneva.intercontinental.com\/wp-content\/uploads\/sites\/7\/2025\/04\/Siegel_CH_25_Excellent-schwarz-2048x1946.png 2048w, https:\/\/geneva.intercontinental.com\/wp-content\/uploads\/sites\/7\/2025\/04\/Siegel_CH_25_Excellent-schwarz-1200x1140.png 1200w\" sizes=\"(max-width: 1024px) 100vw, 1024px\" \/><\/a><\/figure>\n<\/div>\n\n\n\n<div class=\"wp-block-column is-layout-flow wp-block-column-is-layout-flow\"><\/div>\n<\/div>\n","protected":false},"excerpt":{"rendered":"<p>InterContinental Gen\u00e8ve se distingue dans le classement 2025 des 101 meilleurs h\u00f4tels de Suisse avec la mention &#8220;Excellent&#8221;.<\/p>\n","protected":false},"author":21,"featured_media":35367,"comment_status":"closed","ping_status":"open","sticky":false,"template":"","format":"standard","meta":{"_acf_changed":false,"footnotes":""},"categories":[17],"tags":[],"class_list":["post-35363","post","type-post","status-publish","format-standard","has-post-thumbnail","hentry","category-actualites"],"acf":[],"yoast_head":"<!-- This site is optimized with the Yoast SEO plugin v26.2 - https:\/\/yoast.com\/wordpress\/plugins\/seo\/ -->\n<title>L&#039;h\u00f4tel distingu\u00e9 parmi les meilleurs h\u00f4tels de Suisse - InterContinental Gen\u00e8ve<\/title>\n<meta name=\"description\" content=\"InterContinental Gen\u00e8ve se distingue dans le classement 2025 des 101 meilleurs h\u00f4tels de Suisse avec la mention &quot;Excellent&quot;.\" \/>\n<meta name=\"robots\" content=\"index, follow, max-snippet:-1, max-image-preview:large, max-video-preview:-1\" \/>\n<link rel=\"canonical\" href=\"https:\/\/geneva.intercontinental.com\/fr\/intercontinental-geneve-parmi-les-meilleurs-hotels-de-suisse\/\" \/>\n<meta property=\"og:locale\" content=\"fr_FR\" \/>\n<meta property=\"og:type\" content=\"article\" \/>\n<meta property=\"og:title\" content=\"L&#039;h\u00f4tel distingu\u00e9 parmi les meilleurs h\u00f4tels de Suisse - InterContinental Gen\u00e8ve\" \/>\n<meta property=\"og:description\" content=\"InterContinental Gen\u00e8ve se distingue dans le classement 2025 des 101 meilleurs h\u00f4tels de Suisse avec la mention &quot;Excellent&quot;.\" \/>\n<meta property=\"og:url\" content=\"https:\/\/geneva.intercontinental.com\/fr\/intercontinental-geneve-parmi-les-meilleurs-hotels-de-suisse\/\" \/>\n<meta property=\"og:site_name\" content=\"IHG\" \/>\n<meta property=\"article:published_time\" content=\"2025-04-08T09:25:42+00:00\" \/>\n<meta property=\"article:modified_time\" content=\"2025-04-08T09:26:11+00:00\" \/>\n<meta property=\"og:image\" content=\"https:\/\/geneva.intercontinental.com\/wp-content\/uploads\/sites\/7\/2025\/04\/101-best-hotels.jpg\" \/>\n\t<meta property=\"og:image:width\" content=\"1280\" \/>\n\t<meta property=\"og:image:height\" content=\"720\" \/>\n\t<meta property=\"og:image:type\" content=\"image\/jpeg\" \/>\n<meta name=\"author\" content=\"Eva Bouillet\" \/>\n<meta name=\"twitter:card\" content=\"summary_large_image\" \/>\n<meta name=\"twitter:label1\" content=\"\u00c9crit par\" \/>\n\t<meta name=\"twitter:data1\" content=\"Eva Bouillet\" \/>\n\t<meta name=\"twitter:label2\" content=\"Dur\u00e9e de lecture estim\u00e9e\" \/>\n\t<meta name=\"twitter:data2\" content=\"2 minutes\" \/>\n<script type=\"application\/ld+json\" class=\"yoast-schema-graph\">{\"@context\":\"https:\/\/schema.org\",\"@graph\":[{\"@type\":\"Article\",\"@id\":\"https:\/\/geneva.intercontinental.com\/fr\/intercontinental-geneve-parmi-les-meilleurs-hotels-de-suisse\/#article\",\"isPartOf\":{\"@id\":\"https:\/\/geneva.intercontinental.com\/fr\/intercontinental-geneve-parmi-les-meilleurs-hotels-de-suisse\/\"},\"author\":{\"name\":\"Eva Bouillet\",\"@id\":\"https:\/\/geneva.intercontinental.com\/fr\/#\/schema\/person\/5f5178d6c5988f2c5e80aeaa72a3d765\"},\"headline\":\"L&#8217;h\u00f4tel distingu\u00e9 parmi les meilleurs h\u00f4tels de Suisse\",\"datePublished\":\"2025-04-08T09:25:42+00:00\",\"dateModified\":\"2025-04-08T09:26:11+00:00\",\"mainEntityOfPage\":{\"@id\":\"https:\/\/geneva.intercontinental.com\/fr\/intercontinental-geneve-parmi-les-meilleurs-hotels-de-suisse\/\"},\"wordCount\":218,\"publisher\":{\"@id\":\"https:\/\/geneva.intercontinental.com\/fr\/#organization\"},\"image\":{\"@id\":\"https:\/\/geneva.intercontinental.com\/fr\/intercontinental-geneve-parmi-les-meilleurs-hotels-de-suisse\/#primaryimage\"},\"thumbnailUrl\":\"https:\/\/geneva.intercontinental.com\/wp-content\/uploads\/sites\/7\/2025\/04\/101-best-hotels.jpg\",\"articleSection\":[\"Actualit\u00e9s\"],\"inLanguage\":\"fr-FR\"},{\"@type\":\"WebPage\",\"@id\":\"https:\/\/geneva.intercontinental.com\/fr\/intercontinental-geneve-parmi-les-meilleurs-hotels-de-suisse\/\",\"url\":\"https:\/\/geneva.intercontinental.com\/fr\/intercontinental-geneve-parmi-les-meilleurs-hotels-de-suisse\/\",\"name\":\"L'h\u00f4tel distingu\u00e9 parmi les meilleurs h\u00f4tels de Suisse - InterContinental Gen\u00e8ve\",\"isPartOf\":{\"@id\":\"https:\/\/geneva.intercontinental.com\/fr\/#website\"},\"primaryImageOfPage\":{\"@id\":\"https:\/\/geneva.intercontinental.com\/fr\/intercontinental-geneve-parmi-les-meilleurs-hotels-de-suisse\/#primaryimage\"},\"image\":{\"@id\":\"https:\/\/geneva.intercontinental.com\/fr\/intercontinental-geneve-parmi-les-meilleurs-hotels-de-suisse\/#primaryimage\"},\"thumbnailUrl\":\"https:\/\/geneva.intercontinental.com\/wp-content\/uploads\/sites\/7\/2025\/04\/101-best-hotels.jpg\",\"datePublished\":\"2025-04-08T09:25:42+00:00\",\"dateModified\":\"2025-04-08T09:26:11+00:00\",\"description\":\"InterContinental Gen\u00e8ve se distingue dans le classement 2025 des 101 meilleurs h\u00f4tels de Suisse avec la mention \\\"Excellent\\\".\",\"breadcrumb\":{\"@id\":\"https:\/\/geneva.intercontinental.com\/fr\/intercontinental-geneve-parmi-les-meilleurs-hotels-de-suisse\/#breadcrumb\"},\"inLanguage\":\"fr-FR\",\"potentialAction\":[{\"@type\":\"ReadAction\",\"target\":[\"https:\/\/geneva.intercontinental.com\/fr\/intercontinental-geneve-parmi-les-meilleurs-hotels-de-suisse\/\"]}]},{\"@type\":\"ImageObject\",\"inLanguage\":\"fr-FR\",\"@id\":\"https:\/\/geneva.intercontinental.com\/fr\/intercontinental-geneve-parmi-les-meilleurs-hotels-de-suisse\/#primaryimage\",\"url\":\"https:\/\/geneva.intercontinental.com\/wp-content\/uploads\/sites\/7\/2025\/04\/101-best-hotels.jpg\",\"contentUrl\":\"https:\/\/geneva.intercontinental.com\/wp-content\/uploads\/sites\/7\/2025\/04\/101-best-hotels.jpg\",\"width\":1280,\"height\":720},{\"@type\":\"BreadcrumbList\",\"@id\":\"https:\/\/geneva.intercontinental.com\/fr\/intercontinental-geneve-parmi-les-meilleurs-hotels-de-suisse\/#breadcrumb\",\"itemListElement\":[{\"@type\":\"ListItem\",\"position\":1,\"name\":\"Accueil\",\"item\":\"https:\/\/geneva.intercontinental.com\/fr\/\"},{\"@type\":\"ListItem\",\"position\":2,\"name\":\"L&rsquo;h\u00f4tel distingu\u00e9 parmi les meilleurs h\u00f4tels de Suisse\"}]},{\"@type\":\"WebSite\",\"@id\":\"https:\/\/geneva.intercontinental.com\/fr\/#website\",\"url\":\"https:\/\/geneva.intercontinental.com\/fr\/\",\"name\":\"IHG\",\"description\":\"Live the InterContinental Life\",\"publisher\":{\"@id\":\"https:\/\/geneva.intercontinental.com\/fr\/#organization\"},\"alternateName\":\"InterContinental Gen\u00e8ve\",\"potentialAction\":[{\"@type\":\"SearchAction\",\"target\":{\"@type\":\"EntryPoint\",\"urlTemplate\":\"https:\/\/geneva.intercontinental.com\/fr\/?s={search_term_string}\"},\"query-input\":{\"@type\":\"PropertyValueSpecification\",\"valueRequired\":true,\"valueName\":\"search_term_string\"}}],\"inLanguage\":\"fr-FR\"},{\"@type\":\"Organization\",\"@id\":\"https:\/\/geneva.intercontinental.com\/fr\/#organization\",\"name\":\"InterContinental Gen\u00e8ve\",\"alternateName\":\"GVAHA\",\"url\":\"https:\/\/geneva.intercontinental.com\/fr\/\",\"logo\":{\"@type\":\"ImageObject\",\"inLanguage\":\"fr-FR\",\"@id\":\"https:\/\/geneva.intercontinental.com\/fr\/#\/schema\/logo\/image\/\",\"url\":\"https:\/\/geneva.intercontinental.com\/wp-content\/uploads\/sites\/7\/2024\/04\/intercontinental-geneve-logo.svg\",\"contentUrl\":\"https:\/\/geneva.intercontinental.com\/wp-content\/uploads\/sites\/7\/2024\/04\/intercontinental-geneve-logo.svg\",\"caption\":\"InterContinental Gen\u00e8ve\"},\"image\":{\"@id\":\"https:\/\/geneva.intercontinental.com\/fr\/#\/schema\/logo\/image\/\"}},{\"@type\":\"Person\",\"@id\":\"https:\/\/geneva.intercontinental.com\/fr\/#\/schema\/person\/5f5178d6c5988f2c5e80aeaa72a3d765\",\"name\":\"Eva Bouillet\"}]}<\/script>\n<!-- \/ Yoast SEO plugin. -->","yoast_head_json":{"title":"L'h\u00f4tel distingu\u00e9 parmi les meilleurs h\u00f4tels de Suisse - InterContinental Gen\u00e8ve","description":"InterContinental Gen\u00e8ve se distingue dans le classement 2025 des 101 meilleurs h\u00f4tels de Suisse avec la mention \"Excellent\".","robots":{"index":"index","follow":"follow","max-snippet":"max-snippet:-1","max-image-preview":"max-image-preview:large","max-video-preview":"max-video-preview:-1"},"canonical":"https:\/\/geneva.intercontinental.com\/fr\/intercontinental-geneve-parmi-les-meilleurs-hotels-de-suisse\/","og_locale":"fr_FR","og_type":"article","og_title":"L'h\u00f4tel distingu\u00e9 parmi les meilleurs h\u00f4tels de Suisse - InterContinental Gen\u00e8ve","og_description":"InterContinental Gen\u00e8ve se distingue dans le classement 2025 des 101 meilleurs h\u00f4tels de Suisse avec la mention \"Excellent\".","og_url":"https:\/\/geneva.intercontinental.com\/fr\/intercontinental-geneve-parmi-les-meilleurs-hotels-de-suisse\/","og_site_name":"IHG","article_published_time":"2025-04-08T09:25:42+00:00","article_modified_time":"2025-04-08T09:26:11+00:00","og_image":[{"width":1280,"height":720,"url":"https:\/\/geneva.intercontinental.com\/wp-content\/uploads\/sites\/7\/2025\/04\/101-best-hotels.jpg","type":"image\/jpeg"}],"author":"Eva Bouillet","twitter_card":"summary_large_image","twitter_misc":{"\u00c9crit par":"Eva Bouillet","Dur\u00e9e de lecture estim\u00e9e":"2 minutes"},"schema":{"@context":"https:\/\/schema.org","@graph":[{"@type":"Article","@id":"https:\/\/geneva.intercontinental.com\/fr\/intercontinental-geneve-parmi-les-meilleurs-hotels-de-suisse\/#article","isPartOf":{"@id":"https:\/\/geneva.intercontinental.com\/fr\/intercontinental-geneve-parmi-les-meilleurs-hotels-de-suisse\/"},"author":{"name":"Eva Bouillet","@id":"https:\/\/geneva.intercontinental.com\/fr\/#\/schema\/person\/5f5178d6c5988f2c5e80aeaa72a3d765"},"headline":"L&#8217;h\u00f4tel distingu\u00e9 parmi les meilleurs h\u00f4tels de Suisse","datePublished":"2025-04-08T09:25:42+00:00","dateModified":"2025-04-08T09:26:11+00:00","mainEntityOfPage":{"@id":"https:\/\/geneva.intercontinental.com\/fr\/intercontinental-geneve-parmi-les-meilleurs-hotels-de-suisse\/"},"wordCount":218,"publisher":{"@id":"https:\/\/geneva.intercontinental.com\/fr\/#organization"},"image":{"@id":"https:\/\/geneva.intercontinental.com\/fr\/intercontinental-geneve-parmi-les-meilleurs-hotels-de-suisse\/#primaryimage"},"thumbnailUrl":"https:\/\/geneva.intercontinental.com\/wp-content\/uploads\/sites\/7\/2025\/04\/101-best-hotels.jpg","articleSection":["Actualit\u00e9s"],"inLanguage":"fr-FR"},{"@type":"WebPage","@id":"https:\/\/geneva.intercontinental.com\/fr\/intercontinental-geneve-parmi-les-meilleurs-hotels-de-suisse\/","url":"https:\/\/geneva.intercontinental.com\/fr\/intercontinental-geneve-parmi-les-meilleurs-hotels-de-suisse\/","name":"L'h\u00f4tel distingu\u00e9 parmi les meilleurs h\u00f4tels de Suisse - InterContinental Gen\u00e8ve","isPartOf":{"@id":"https:\/\/geneva.intercontinental.com\/fr\/#website"},"primaryImageOfPage":{"@id":"https:\/\/geneva.intercontinental.com\/fr\/intercontinental-geneve-parmi-les-meilleurs-hotels-de-suisse\/#primaryimage"},"image":{"@id":"https:\/\/geneva.intercontinental.com\/fr\/intercontinental-geneve-parmi-les-meilleurs-hotels-de-suisse\/#primaryimage"},"thumbnailUrl":"https:\/\/geneva.intercontinental.com\/wp-content\/uploads\/sites\/7\/2025\/04\/101-best-hotels.jpg","datePublished":"2025-04-08T09:25:42+00:00","dateModified":"2025-04-08T09:26:11+00:00","description":"InterContinental Gen\u00e8ve se distingue dans le classement 2025 des 101 meilleurs h\u00f4tels de Suisse avec la mention \"Excellent\".","breadcrumb":{"@id":"https:\/\/geneva.intercontinental.com\/fr\/intercontinental-geneve-parmi-les-meilleurs-hotels-de-suisse\/#breadcrumb"},"inLanguage":"fr-FR","potentialAction":[{"@type":"ReadAction","target":["https:\/\/geneva.intercontinental.com\/fr\/intercontinental-geneve-parmi-les-meilleurs-hotels-de-suisse\/"]}]},{"@type":"ImageObject","inLanguage":"fr-FR","@id":"https:\/\/geneva.intercontinental.com\/fr\/intercontinental-geneve-parmi-les-meilleurs-hotels-de-suisse\/#primaryimage","url":"https:\/\/geneva.intercontinental.com\/wp-content\/uploads\/sites\/7\/2025\/04\/101-best-hotels.jpg","contentUrl":"https:\/\/geneva.intercontinental.com\/wp-content\/uploads\/sites\/7\/2025\/04\/101-best-hotels.jpg","width":1280,"height":720},{"@type":"BreadcrumbList","@id":"https:\/\/geneva.intercontinental.com\/fr\/intercontinental-geneve-parmi-les-meilleurs-hotels-de-suisse\/#breadcrumb","itemListElement":[{"@type":"ListItem","position":1,"name":"Accueil","item":"https:\/\/geneva.intercontinental.com\/fr\/"},{"@type":"ListItem","position":2,"name":"L&rsquo;h\u00f4tel distingu\u00e9 parmi les meilleurs h\u00f4tels de Suisse"}]},{"@type":"WebSite","@id":"https:\/\/geneva.intercontinental.com\/fr\/#website","url":"https:\/\/geneva.intercontinental.com\/fr\/","name":"IHG","description":"Live the InterContinental Life","publisher":{"@id":"https:\/\/geneva.intercontinental.com\/fr\/#organization"},"alternateName":"InterContinental Gen\u00e8ve","potentialAction":[{"@type":"SearchAction","target":{"@type":"EntryPoint","urlTemplate":"https:\/\/geneva.intercontinental.com\/fr\/?s={search_term_string}"},"query-input":{"@type":"PropertyValueSpecification","valueRequired":true,"valueName":"search_term_string"}}],"inLanguage":"fr-FR"},{"@type":"Organization","@id":"https:\/\/geneva.intercontinental.com\/fr\/#organization","name":"InterContinental Gen\u00e8ve","alternateName":"GVAHA","url":"https:\/\/geneva.intercontinental.com\/fr\/","logo":{"@type":"ImageObject","inLanguage":"fr-FR","@id":"https:\/\/geneva.intercontinental.com\/fr\/#\/schema\/logo\/image\/","url":"https:\/\/geneva.intercontinental.com\/wp-content\/uploads\/sites\/7\/2024\/04\/intercontinental-geneve-logo.svg","contentUrl":"https:\/\/geneva.intercontinental.com\/wp-content\/uploads\/sites\/7\/2024\/04\/intercontinental-geneve-logo.svg","caption":"InterContinental Gen\u00e8ve"},"image":{"@id":"https:\/\/geneva.intercontinental.com\/fr\/#\/schema\/logo\/image\/"}},{"@type":"Person","@id":"https:\/\/geneva.intercontinental.com\/fr\/#\/schema\/person\/5f5178d6c5988f2c5e80aeaa72a3d765","name":"Eva Bouillet"}]}},"_links":{"self":[{"href":"https:\/\/geneva.intercontinental.com\/fr\/wp-json\/wp\/v2\/posts\/35363","targetHints":{"allow":["GET"]}}],"collection":[{"href":"https:\/\/geneva.intercontinental.com\/fr\/wp-json\/wp\/v2\/posts"}],"about":[{"href":"https:\/\/geneva.intercontinental.com\/fr\/wp-json\/wp\/v2\/types\/post"}],"author":[{"embeddable":true,"href":"https:\/\/geneva.intercontinental.com\/fr\/wp-json\/wp\/v2\/users\/21"}],"replies":[{"embeddable":true,"href":"https:\/\/geneva.intercontinental.com\/fr\/wp-json\/wp\/v2\/comments?post=35363"}],"version-history":[{"count":7,"href":"https:\/\/geneva.intercontinental.com\/fr\/wp-json\/wp\/v2\/posts\/35363\/revisions"}],"predecessor-version":[{"id":35376,"href":"https:\/\/geneva.intercontinental.com\/fr\/wp-json\/wp\/v2\/posts\/35363\/revisions\/35376"}],"wp:featuredmedia":[{"embeddable":true,"href":"https:\/\/geneva.intercontinental.com\/fr\/wp-json\/wp\/v2\/media\/35367"}],"wp:attachment":[{"href":"https:\/\/geneva.intercontinental.com\/fr\/wp-json\/wp\/v2\/media?parent=35363"}],"wp:term":[{"taxonomy":"category","embeddable":true,"href":"https:\/\/geneva.intercontinental.com\/fr\/wp-json\/wp\/v2\/categories?post=35363"},{"taxonomy":"post_tag","embeddable":true,"href":"https:\/\/geneva.intercontinental.com\/fr\/wp-json\/wp\/v2\/tags?post=35363"}],"curies":[{"name":"wp","href":"https:\/\/api.w.org\/{rel}","templated":true}]}}