{"id":32514,"date":"2024-09-08T17:50:04","date_gmt":"2024-09-08T15:50:04","guid":{"rendered":"https:\/\/geneva.intercontinental.com\/?p=32514"},"modified":"2024-10-16T14:58:50","modified_gmt":"2024-10-16T12:58:50","slug":"un-nouveau-chapitre-pour-lintercontinental-geneve","status":"publish","type":"post","link":"https:\/\/geneva.intercontinental.com\/fr\/un-nouveau-chapitre-pour-lintercontinental-geneve\/","title":{"rendered":"Un nouveau chapitre pour l&#8217;InterContinental Gen\u00e8ve"},"content":{"rendered":"\n<p>Apr\u00e8s 3 ann\u00e9es exceptionnelles \u00e0 la direction des 2 \u00e9tablissements, Hans Heijligers annonce son d\u00e9part de l\u2019InterContinental Gen\u00e8ve et cl\u00f4ture ce chapitre avec beaucoup d\u2019\u00e9motion. Sous sa direction, l&#8217;\u00e9tablissement a atteint de nouveaux sommets dans le luxe et le service, se positionnant comme une r\u00e9f\u00e9rence incontournable sur le march\u00e9.<\/p>\n\n\n\n<p>D\u00e8s le 10 septembre, Mr <strong>Daniel Arbenz<\/strong>, h\u00f4telier hors pair et leader inspirant du groupe InterContinental Hotels &amp; Resorts (IHG), deviendra General Manager de l\u2019InterContinental Gen\u00e8ve. D\u2019origine Suisse, Daniel Arbenz poss\u00e8de plus de 25 ans d\u2019exp\u00e9rience internationale dans l&#8217;h\u00f4tellerie sur quatre continents. Form\u00e9 \u00e0 l&#8217;\u00c9cole h\u00f4teli\u00e8re de Lucerne (SHL) et apr\u00e8s avoir d\u00e9but\u00e9 sa carri\u00e8re dans des \u00e9tablissements suisses prestigieux comme le Baur au Lac et le Dolder Grand, il a ensuite occup\u00e9 des postes de direction en Asie, en Australie, et au Moyen-Orient, notamment chez IHG. Daniel nous rejoint apr\u00e8s avoir pass\u00e9 ces deux derni\u00e8res ann\u00e9es en tant qu&#8217;Area General Manager IHG Oman OMRAN Hotels &amp; InterContinental Muscat, apportant avec lui une solide exp\u00e9rience et une passion pour l&#8217;excellence. Ce retour \u00e0 son pays de c\u0153ur marque une nouvelle \u00e9tape passionnante dans son parcours.<\/p>\n\n\n\n<div style=\"height:30px\" aria-hidden=\"true\" class=\"wp-block-spacer\"><\/div>\n\n\n\n<div class=\"wp-block-columns is-layout-flex wp-container-core-columns-is-layout-28f84493 wp-block-columns-is-layout-flex\">\n<div class=\"wp-block-column is-layout-flow wp-block-column-is-layout-flow\"><\/div>\n<\/div>\n\n\n\n<div style=\"height:30px\" aria-hidden=\"true\" class=\"wp-block-spacer\"><\/div>\n","protected":false},"excerpt":{"rendered":"<p>D\u00e8s le 10 septembre, Mr Daniel Arbenz, h\u00f4telier hors pair et leader inspirant du groupe InterContinental Hotels &amp; Resorts (IHG), deviendra General Manager de l\u2019InterContinental Gen\u00e8ve.<\/p>\n","protected":false},"author":16,"featured_media":32686,"comment_status":"closed","ping_status":"open","sticky":false,"template":"","format":"standard","meta":{"_acf_changed":false,"footnotes":""},"categories":[17],"tags":[],"class_list":["post-32514","post","type-post","status-publish","format-standard","has-post-thumbnail","hentry","category-actualites"],"acf":[],"yoast_head":"<!-- This site is optimized with the Yoast SEO plugin v26.2 - https:\/\/yoast.com\/wordpress\/plugins\/seo\/ -->\n<title>Un nouveau chapitre pour l&#039;InterContinental Gen\u00e8ve - InterContinental Gen\u00e8ve<\/title>\n<meta name=\"description\" content=\"Que vous planifiez une r\u00e9union d&#039;affaires ou une conf\u00e9rence, notre \u00e9quipe se tient pr\u00eate \u00e0 faire de votre projet un succ\u00e8s m\u00e9morable.\" \/>\n<meta name=\"robots\" content=\"index, follow, max-snippet:-1, max-image-preview:large, max-video-preview:-1\" \/>\n<link rel=\"canonical\" href=\"https:\/\/geneva.intercontinental.com\/fr\/un-nouveau-chapitre-pour-lintercontinental-geneve\/\" \/>\n<meta property=\"og:locale\" content=\"fr_FR\" \/>\n<meta property=\"og:type\" content=\"article\" \/>\n<meta property=\"og:title\" content=\"Un nouveau chapitre pour l&#039;InterContinental Gen\u00e8ve - InterContinental Gen\u00e8ve\" \/>\n<meta property=\"og:description\" content=\"Que vous planifiez une r\u00e9union d&#039;affaires ou une conf\u00e9rence, notre \u00e9quipe se tient pr\u00eate \u00e0 faire de votre projet un succ\u00e8s m\u00e9morable.\" \/>\n<meta property=\"og:url\" content=\"https:\/\/geneva.intercontinental.com\/fr\/un-nouveau-chapitre-pour-lintercontinental-geneve\/\" \/>\n<meta property=\"og:site_name\" content=\"IHG\" \/>\n<meta property=\"article:published_time\" content=\"2024-09-08T15:50:04+00:00\" \/>\n<meta property=\"article:modified_time\" content=\"2024-10-16T12:58:50+00:00\" \/>\n<meta property=\"og:image\" content=\"https:\/\/geneva.intercontinental.com\/wp-content\/uploads\/sites\/7\/2024\/09\/IC-4794-e1726565649465.jpg\" \/>\n\t<meta property=\"og:image:width\" content=\"1023\" \/>\n\t<meta property=\"og:image:height\" content=\"721\" \/>\n\t<meta property=\"og:image:type\" content=\"image\/jpeg\" \/>\n<meta name=\"author\" content=\"Alexandra Devilly\" \/>\n<meta name=\"twitter:card\" content=\"summary_large_image\" \/>\n<meta name=\"twitter:label1\" content=\"\u00c9crit par\" \/>\n\t<meta name=\"twitter:data1\" content=\"Alexandra Devilly\" \/>\n\t<meta name=\"twitter:label2\" content=\"Dur\u00e9e de lecture estim\u00e9e\" \/>\n\t<meta name=\"twitter:data2\" content=\"2 minutes\" \/>\n<script type=\"application\/ld+json\" class=\"yoast-schema-graph\">{\"@context\":\"https:\/\/schema.org\",\"@graph\":[{\"@type\":\"Article\",\"@id\":\"https:\/\/geneva.intercontinental.com\/fr\/un-nouveau-chapitre-pour-lintercontinental-geneve\/#article\",\"isPartOf\":{\"@id\":\"https:\/\/geneva.intercontinental.com\/fr\/un-nouveau-chapitre-pour-lintercontinental-geneve\/\"},\"author\":{\"name\":\"Alexandra Devilly\",\"@id\":\"https:\/\/geneva.intercontinental.com\/fr\/#\/schema\/person\/bfa40ec9a03bf06fccbcb53c828fa12c\"},\"headline\":\"Un nouveau chapitre pour l&#8217;InterContinental Gen\u00e8ve\",\"datePublished\":\"2024-09-08T15:50:04+00:00\",\"dateModified\":\"2024-10-16T12:58:50+00:00\",\"mainEntityOfPage\":{\"@id\":\"https:\/\/geneva.intercontinental.com\/fr\/un-nouveau-chapitre-pour-lintercontinental-geneve\/\"},\"wordCount\":218,\"publisher\":{\"@id\":\"https:\/\/geneva.intercontinental.com\/fr\/#organization\"},\"image\":{\"@id\":\"https:\/\/geneva.intercontinental.com\/fr\/un-nouveau-chapitre-pour-lintercontinental-geneve\/#primaryimage\"},\"thumbnailUrl\":\"https:\/\/geneva.intercontinental.com\/wp-content\/uploads\/sites\/7\/2024\/09\/IC-4794-e1726565649465.jpg\",\"articleSection\":[\"Actualit\u00e9s\"],\"inLanguage\":\"fr-FR\"},{\"@type\":\"WebPage\",\"@id\":\"https:\/\/geneva.intercontinental.com\/fr\/un-nouveau-chapitre-pour-lintercontinental-geneve\/\",\"url\":\"https:\/\/geneva.intercontinental.com\/fr\/un-nouveau-chapitre-pour-lintercontinental-geneve\/\",\"name\":\"Un nouveau chapitre pour l'InterContinental Gen\u00e8ve - InterContinental Gen\u00e8ve\",\"isPartOf\":{\"@id\":\"https:\/\/geneva.intercontinental.com\/fr\/#website\"},\"primaryImageOfPage\":{\"@id\":\"https:\/\/geneva.intercontinental.com\/fr\/un-nouveau-chapitre-pour-lintercontinental-geneve\/#primaryimage\"},\"image\":{\"@id\":\"https:\/\/geneva.intercontinental.com\/fr\/un-nouveau-chapitre-pour-lintercontinental-geneve\/#primaryimage\"},\"thumbnailUrl\":\"https:\/\/geneva.intercontinental.com\/wp-content\/uploads\/sites\/7\/2024\/09\/IC-4794-e1726565649465.jpg\",\"datePublished\":\"2024-09-08T15:50:04+00:00\",\"dateModified\":\"2024-10-16T12:58:50+00:00\",\"description\":\"Que vous planifiez une r\u00e9union d'affaires ou une conf\u00e9rence, notre \u00e9quipe se tient pr\u00eate \u00e0 faire de votre projet un succ\u00e8s m\u00e9morable.\",\"breadcrumb\":{\"@id\":\"https:\/\/geneva.intercontinental.com\/fr\/un-nouveau-chapitre-pour-lintercontinental-geneve\/#breadcrumb\"},\"inLanguage\":\"fr-FR\",\"potentialAction\":[{\"@type\":\"ReadAction\",\"target\":[\"https:\/\/geneva.intercontinental.com\/fr\/un-nouveau-chapitre-pour-lintercontinental-geneve\/\"]}]},{\"@type\":\"ImageObject\",\"inLanguage\":\"fr-FR\",\"@id\":\"https:\/\/geneva.intercontinental.com\/fr\/un-nouveau-chapitre-pour-lintercontinental-geneve\/#primaryimage\",\"url\":\"https:\/\/geneva.intercontinental.com\/wp-content\/uploads\/sites\/7\/2024\/09\/IC-4794-e1726565649465.jpg\",\"contentUrl\":\"https:\/\/geneva.intercontinental.com\/wp-content\/uploads\/sites\/7\/2024\/09\/IC-4794-e1726565649465.jpg\",\"width\":1023,\"height\":721},{\"@type\":\"BreadcrumbList\",\"@id\":\"https:\/\/geneva.intercontinental.com\/fr\/un-nouveau-chapitre-pour-lintercontinental-geneve\/#breadcrumb\",\"itemListElement\":[{\"@type\":\"ListItem\",\"position\":1,\"name\":\"Accueil\",\"item\":\"https:\/\/geneva.intercontinental.com\/fr\/\"},{\"@type\":\"ListItem\",\"position\":2,\"name\":\"Un nouveau chapitre pour l&rsquo;InterContinental Gen\u00e8ve\"}]},{\"@type\":\"WebSite\",\"@id\":\"https:\/\/geneva.intercontinental.com\/fr\/#website\",\"url\":\"https:\/\/geneva.intercontinental.com\/fr\/\",\"name\":\"IHG\",\"description\":\"Live the InterContinental Life\",\"publisher\":{\"@id\":\"https:\/\/geneva.intercontinental.com\/fr\/#organization\"},\"alternateName\":\"InterContinental Gen\u00e8ve\",\"potentialAction\":[{\"@type\":\"SearchAction\",\"target\":{\"@type\":\"EntryPoint\",\"urlTemplate\":\"https:\/\/geneva.intercontinental.com\/fr\/?s={search_term_string}\"},\"query-input\":{\"@type\":\"PropertyValueSpecification\",\"valueRequired\":true,\"valueName\":\"search_term_string\"}}],\"inLanguage\":\"fr-FR\"},{\"@type\":\"Organization\",\"@id\":\"https:\/\/geneva.intercontinental.com\/fr\/#organization\",\"name\":\"InterContinental Gen\u00e8ve\",\"alternateName\":\"GVAHA\",\"url\":\"https:\/\/geneva.intercontinental.com\/fr\/\",\"logo\":{\"@type\":\"ImageObject\",\"inLanguage\":\"fr-FR\",\"@id\":\"https:\/\/geneva.intercontinental.com\/fr\/#\/schema\/logo\/image\/\",\"url\":\"https:\/\/geneva.intercontinental.com\/wp-content\/uploads\/sites\/7\/2024\/04\/intercontinental-geneve-logo.svg\",\"contentUrl\":\"https:\/\/geneva.intercontinental.com\/wp-content\/uploads\/sites\/7\/2024\/04\/intercontinental-geneve-logo.svg\",\"caption\":\"InterContinental Gen\u00e8ve\"},\"image\":{\"@id\":\"https:\/\/geneva.intercontinental.com\/fr\/#\/schema\/logo\/image\/\"}},{\"@type\":\"Person\",\"@id\":\"https:\/\/geneva.intercontinental.com\/fr\/#\/schema\/person\/bfa40ec9a03bf06fccbcb53c828fa12c\",\"name\":\"Alexandra Devilly\"}]}<\/script>\n<!-- \/ Yoast SEO plugin. -->","yoast_head_json":{"title":"Un nouveau chapitre pour l'InterContinental Gen\u00e8ve - InterContinental Gen\u00e8ve","description":"Que vous planifiez une r\u00e9union d'affaires ou une conf\u00e9rence, notre \u00e9quipe se tient pr\u00eate \u00e0 faire de votre projet un succ\u00e8s m\u00e9morable.","robots":{"index":"index","follow":"follow","max-snippet":"max-snippet:-1","max-image-preview":"max-image-preview:large","max-video-preview":"max-video-preview:-1"},"canonical":"https:\/\/geneva.intercontinental.com\/fr\/un-nouveau-chapitre-pour-lintercontinental-geneve\/","og_locale":"fr_FR","og_type":"article","og_title":"Un nouveau chapitre pour l'InterContinental Gen\u00e8ve - InterContinental Gen\u00e8ve","og_description":"Que vous planifiez une r\u00e9union d'affaires ou une conf\u00e9rence, notre \u00e9quipe se tient pr\u00eate \u00e0 faire de votre projet un succ\u00e8s m\u00e9morable.","og_url":"https:\/\/geneva.intercontinental.com\/fr\/un-nouveau-chapitre-pour-lintercontinental-geneve\/","og_site_name":"IHG","article_published_time":"2024-09-08T15:50:04+00:00","article_modified_time":"2024-10-16T12:58:50+00:00","og_image":[{"width":1023,"height":721,"url":"https:\/\/geneva.intercontinental.com\/wp-content\/uploads\/sites\/7\/2024\/09\/IC-4794-e1726565649465.jpg","type":"image\/jpeg"}],"author":"Alexandra Devilly","twitter_card":"summary_large_image","twitter_misc":{"\u00c9crit par":"Alexandra Devilly","Dur\u00e9e de lecture estim\u00e9e":"2 minutes"},"schema":{"@context":"https:\/\/schema.org","@graph":[{"@type":"Article","@id":"https:\/\/geneva.intercontinental.com\/fr\/un-nouveau-chapitre-pour-lintercontinental-geneve\/#article","isPartOf":{"@id":"https:\/\/geneva.intercontinental.com\/fr\/un-nouveau-chapitre-pour-lintercontinental-geneve\/"},"author":{"name":"Alexandra Devilly","@id":"https:\/\/geneva.intercontinental.com\/fr\/#\/schema\/person\/bfa40ec9a03bf06fccbcb53c828fa12c"},"headline":"Un nouveau chapitre pour l&#8217;InterContinental Gen\u00e8ve","datePublished":"2024-09-08T15:50:04+00:00","dateModified":"2024-10-16T12:58:50+00:00","mainEntityOfPage":{"@id":"https:\/\/geneva.intercontinental.com\/fr\/un-nouveau-chapitre-pour-lintercontinental-geneve\/"},"wordCount":218,"publisher":{"@id":"https:\/\/geneva.intercontinental.com\/fr\/#organization"},"image":{"@id":"https:\/\/geneva.intercontinental.com\/fr\/un-nouveau-chapitre-pour-lintercontinental-geneve\/#primaryimage"},"thumbnailUrl":"https:\/\/geneva.intercontinental.com\/wp-content\/uploads\/sites\/7\/2024\/09\/IC-4794-e1726565649465.jpg","articleSection":["Actualit\u00e9s"],"inLanguage":"fr-FR"},{"@type":"WebPage","@id":"https:\/\/geneva.intercontinental.com\/fr\/un-nouveau-chapitre-pour-lintercontinental-geneve\/","url":"https:\/\/geneva.intercontinental.com\/fr\/un-nouveau-chapitre-pour-lintercontinental-geneve\/","name":"Un nouveau chapitre pour l'InterContinental Gen\u00e8ve - InterContinental Gen\u00e8ve","isPartOf":{"@id":"https:\/\/geneva.intercontinental.com\/fr\/#website"},"primaryImageOfPage":{"@id":"https:\/\/geneva.intercontinental.com\/fr\/un-nouveau-chapitre-pour-lintercontinental-geneve\/#primaryimage"},"image":{"@id":"https:\/\/geneva.intercontinental.com\/fr\/un-nouveau-chapitre-pour-lintercontinental-geneve\/#primaryimage"},"thumbnailUrl":"https:\/\/geneva.intercontinental.com\/wp-content\/uploads\/sites\/7\/2024\/09\/IC-4794-e1726565649465.jpg","datePublished":"2024-09-08T15:50:04+00:00","dateModified":"2024-10-16T12:58:50+00:00","description":"Que vous planifiez une r\u00e9union d'affaires ou une conf\u00e9rence, notre \u00e9quipe se tient pr\u00eate \u00e0 faire de votre projet un succ\u00e8s m\u00e9morable.","breadcrumb":{"@id":"https:\/\/geneva.intercontinental.com\/fr\/un-nouveau-chapitre-pour-lintercontinental-geneve\/#breadcrumb"},"inLanguage":"fr-FR","potentialAction":[{"@type":"ReadAction","target":["https:\/\/geneva.intercontinental.com\/fr\/un-nouveau-chapitre-pour-lintercontinental-geneve\/"]}]},{"@type":"ImageObject","inLanguage":"fr-FR","@id":"https:\/\/geneva.intercontinental.com\/fr\/un-nouveau-chapitre-pour-lintercontinental-geneve\/#primaryimage","url":"https:\/\/geneva.intercontinental.com\/wp-content\/uploads\/sites\/7\/2024\/09\/IC-4794-e1726565649465.jpg","contentUrl":"https:\/\/geneva.intercontinental.com\/wp-content\/uploads\/sites\/7\/2024\/09\/IC-4794-e1726565649465.jpg","width":1023,"height":721},{"@type":"BreadcrumbList","@id":"https:\/\/geneva.intercontinental.com\/fr\/un-nouveau-chapitre-pour-lintercontinental-geneve\/#breadcrumb","itemListElement":[{"@type":"ListItem","position":1,"name":"Accueil","item":"https:\/\/geneva.intercontinental.com\/fr\/"},{"@type":"ListItem","position":2,"name":"Un nouveau chapitre pour l&rsquo;InterContinental Gen\u00e8ve"}]},{"@type":"WebSite","@id":"https:\/\/geneva.intercontinental.com\/fr\/#website","url":"https:\/\/geneva.intercontinental.com\/fr\/","name":"IHG","description":"Live the InterContinental Life","publisher":{"@id":"https:\/\/geneva.intercontinental.com\/fr\/#organization"},"alternateName":"InterContinental Gen\u00e8ve","potentialAction":[{"@type":"SearchAction","target":{"@type":"EntryPoint","urlTemplate":"https:\/\/geneva.intercontinental.com\/fr\/?s={search_term_string}"},"query-input":{"@type":"PropertyValueSpecification","valueRequired":true,"valueName":"search_term_string"}}],"inLanguage":"fr-FR"},{"@type":"Organization","@id":"https:\/\/geneva.intercontinental.com\/fr\/#organization","name":"InterContinental Gen\u00e8ve","alternateName":"GVAHA","url":"https:\/\/geneva.intercontinental.com\/fr\/","logo":{"@type":"ImageObject","inLanguage":"fr-FR","@id":"https:\/\/geneva.intercontinental.com\/fr\/#\/schema\/logo\/image\/","url":"https:\/\/geneva.intercontinental.com\/wp-content\/uploads\/sites\/7\/2024\/04\/intercontinental-geneve-logo.svg","contentUrl":"https:\/\/geneva.intercontinental.com\/wp-content\/uploads\/sites\/7\/2024\/04\/intercontinental-geneve-logo.svg","caption":"InterContinental Gen\u00e8ve"},"image":{"@id":"https:\/\/geneva.intercontinental.com\/fr\/#\/schema\/logo\/image\/"}},{"@type":"Person","@id":"https:\/\/geneva.intercontinental.com\/fr\/#\/schema\/person\/bfa40ec9a03bf06fccbcb53c828fa12c","name":"Alexandra Devilly"}]}},"_links":{"self":[{"href":"https:\/\/geneva.intercontinental.com\/fr\/wp-json\/wp\/v2\/posts\/32514","targetHints":{"allow":["GET"]}}],"collection":[{"href":"https:\/\/geneva.intercontinental.com\/fr\/wp-json\/wp\/v2\/posts"}],"about":[{"href":"https:\/\/geneva.intercontinental.com\/fr\/wp-json\/wp\/v2\/types\/post"}],"author":[{"embeddable":true,"href":"https:\/\/geneva.intercontinental.com\/fr\/wp-json\/wp\/v2\/users\/16"}],"replies":[{"embeddable":true,"href":"https:\/\/geneva.intercontinental.com\/fr\/wp-json\/wp\/v2\/comments?post=32514"}],"version-history":[{"count":6,"href":"https:\/\/geneva.intercontinental.com\/fr\/wp-json\/wp\/v2\/posts\/32514\/revisions"}],"predecessor-version":[{"id":33151,"href":"https:\/\/geneva.intercontinental.com\/fr\/wp-json\/wp\/v2\/posts\/32514\/revisions\/33151"}],"wp:featuredmedia":[{"embeddable":true,"href":"https:\/\/geneva.intercontinental.com\/fr\/wp-json\/wp\/v2\/media\/32686"}],"wp:attachment":[{"href":"https:\/\/geneva.intercontinental.com\/fr\/wp-json\/wp\/v2\/media?parent=32514"}],"wp:term":[{"taxonomy":"category","embeddable":true,"href":"https:\/\/geneva.intercontinental.com\/fr\/wp-json\/wp\/v2\/categories?post=32514"},{"taxonomy":"post_tag","embeddable":true,"href":"https:\/\/geneva.intercontinental.com\/fr\/wp-json\/wp\/v2\/tags?post=32514"}],"curies":[{"name":"wp","href":"https:\/\/api.w.org\/{rel}","templated":true}]}}