{"id":24475,"date":"2025-03-24T09:00:00","date_gmt":"2025-03-24T08:00:00","guid":{"rendered":"https:\/\/geneva.intercontinental.com\/?p=24475"},"modified":"2025-04-10T11:23:39","modified_gmt":"2025-04-10T09:23:39","slug":"vivez-la-magie-de-paques","status":"publish","type":"post","link":"https:\/\/geneva.intercontinental.com\/fr\/vivez-la-magie-de-paques\/","title":{"rendered":"Vivez la magie de P\u00e2ques"},"content":{"rendered":"\n<div class=\"wp-block-group is-layout-flow wp-block-group-is-layout-flow\">\n<div style=\"height:30px\" aria-hidden=\"true\" class=\"wp-block-spacer\"><\/div>\n\n\n\n<div class=\"wp-block-columns is-layout-flex wp-container-core-columns-is-layout-28f84493 wp-block-columns-is-layout-flex\">\n<div class=\"wp-block-column is-layout-flow wp-block-column-is-layout-flow\">\n<figure class=\"wp-block-image aligncenter size-large is-style-default\"><a href=\"https:\/\/geneva.intercontinental.com\/fr\/produit\/oeuf-de-paques-2025\/\" target=\"_blank\" rel=\" noreferrer noopener\"><img decoding=\"async\" width=\"683\" height=\"1024\" src=\"https:\/\/geneva.intercontinental.com\/wp-content\/uploads\/sites\/7\/2024\/03\/OEuf-de-Paques-2025_InterContinental-Geneve_WEB_1-683x1024.jpg\" alt=\"\" class=\"wp-image-35169\" style=\"aspect-ratio:9\/16;object-fit:cover\" srcset=\"https:\/\/geneva.intercontinental.com\/wp-content\/uploads\/sites\/7\/2024\/03\/OEuf-de-Paques-2025_InterContinental-Geneve_WEB_1-683x1024.jpg 683w, https:\/\/geneva.intercontinental.com\/wp-content\/uploads\/sites\/7\/2024\/03\/OEuf-de-Paques-2025_InterContinental-Geneve_WEB_1-200x300.jpg 200w, https:\/\/geneva.intercontinental.com\/wp-content\/uploads\/sites\/7\/2024\/03\/OEuf-de-Paques-2025_InterContinental-Geneve_WEB_1-768x1151.jpg 768w, https:\/\/geneva.intercontinental.com\/wp-content\/uploads\/sites\/7\/2024\/03\/OEuf-de-Paques-2025_InterContinental-Geneve_WEB_1-1025x1536.jpg 1025w, https:\/\/geneva.intercontinental.com\/wp-content\/uploads\/sites\/7\/2024\/03\/OEuf-de-Paques-2025_InterContinental-Geneve_WEB_1-1366x2048.jpg 1366w, https:\/\/geneva.intercontinental.com\/wp-content\/uploads\/sites\/7\/2024\/03\/OEuf-de-Paques-2025_InterContinental-Geneve_WEB_1-1200x1799.jpg 1200w\" sizes=\"(max-width: 683px) 100vw, 683px\" \/><\/a><\/figure>\n<\/div>\n\n\n\n<div class=\"wp-block-column is-layout-flow wp-block-column-is-layout-flow\">\n<figure class=\"wp-block-video\"><video autoplay loop muted src=\"https:\/\/geneva.intercontinental.com\/wp-content\/uploads\/sites\/7\/2024\/03\/Video_Brunch_Paques_24.mp4\"><\/video><\/figure>\n<\/div>\n\n\n\n<div class=\"wp-block-column is-layout-flow wp-block-column-is-layout-flow\">\n<figure class=\"wp-block-image aligncenter size-full\"><img decoding=\"async\" width=\"683\" height=\"1024\" src=\"https:\/\/geneva.intercontinental.com\/wp-content\/uploads\/sites\/7\/2023\/10\/InterContinental-Geneve-Classic-Room-6-683x1024-1.webp\" alt=\"\" class=\"wp-image-20118\" style=\"aspect-ratio:9\/16;object-fit:cover\" srcset=\"https:\/\/geneva.intercontinental.com\/wp-content\/uploads\/sites\/7\/2023\/10\/InterContinental-Geneve-Classic-Room-6-683x1024-1.webp 683w, https:\/\/geneva.intercontinental.com\/wp-content\/uploads\/sites\/7\/2023\/10\/InterContinental-Geneve-Classic-Room-6-683x1024-1-200x300.webp 200w\" sizes=\"(max-width: 683px) 100vw, 683px\" \/><\/figure>\n<\/div>\n<\/div>\n\n\n\n<div style=\"height:15px\" aria-hidden=\"true\" class=\"wp-block-spacer\"><\/div>\n\n\n\n<p class=\"has-text-align-center has-medium-font-size\">Du 11 au 27 avril 2025<\/p>\n\n\n\n<div style=\"height:15px\" aria-hidden=\"true\" class=\"wp-block-spacer\"><\/div>\n\n\n\n<h2 class=\"wp-block-heading\">L&#8217;\u0152uf de P\u00e2ques<\/h2>\n\n\n\n<p>Cette ann\u00e9e, succombez \u00e0 la gourmandise avec notre \u0153uf de P\u00e2ques en chocolat noir, une cr\u00e9ation raffin\u00e9e sign\u00e9e par notre chef p\u00e2tissier.<\/p>\n\n\n\n<p>\u00c0 l\u2019int\u00e9rieur, laissez-vous surprendre par un pralin\u00e9 aux noix de p\u00e9can caram\u00e9lis\u00e9es, sublim\u00e9 par une touche de fleur de sel, pour une explosion de saveurs irr\u00e9sistible.<\/p>\n\n\n\n<p>Prix : <strong>CHF 58.-<\/strong><br><em>Quantit\u00e9s limit\u00e9es<\/em><\/p>\n\n\n\n<div class=\"wp-block-buttons is-content-justification-center is-layout-flex wp-container-core-buttons-is-layout-a89b3969 wp-block-buttons-is-layout-flex\">\n<div class=\"wp-block-button is-style-alternate-version\"><a class=\"wp-block-button__link has-text-align-center wp-element-button\" href=\"https:\/\/geneva.intercontinental.com\/fr\/produit\/oeuf-de-paques-2025\/\" target=\"_blank\" rel=\"noreferrer noopener\">D\u00c9COUVRIR<\/a><\/div>\n<\/div>\n\n\n\n<div style=\"height:40px\" aria-hidden=\"true\" class=\"wp-block-spacer\"><\/div>\n\n\n\n<p class=\"has-text-align-center has-medium-font-size\">Dimanche 20 &amp; Lundi 21 avril 2025<\/p>\n\n\n\n<div style=\"height:15px\" aria-hidden=\"true\" class=\"wp-block-spacer\"><\/div>\n\n\n\n<h2 class=\"wp-block-heading\">Le Brunch de P\u00e2ques<\/h2>\n\n\n\n<p>Pour les Genevois, les dimanches \u00e0 l&#8217;InterContinental Gen\u00e8ve sont une institution ! Avec son Brunch de P\u00e2ques, nous vous donnons rendez-vous le <strong>dimanche 20 avril<\/strong>, et exceptionnellement aussi le <strong>lundi 21 avril<\/strong> pour prolonger le moment.<\/p>\n\n\n\n<p>R\u00e9unissez vos proches et c\u00e9l\u00e9brez la magie de P\u00e2ques autour d&#8217;un brunch d&#8217;exception et un d\u00e9fil\u00e9 de saveurs : gigot d\u2019agneau fra\u00eechement d\u00e9coup\u00e9, impressionnant banc de fruits de mer, le tout accompagn\u00e9 de notre c\u00e9l\u00e8bre buffet de desserts. <\/p>\n\n\n\n<p>\u00c0 cette occasion, les enfants seront dorlot\u00e9s. Notre service de baby-sitting organisera au 1er \u00e9tage tout un espace d\u00e9di\u00e9 avec buffet de saveurs sp\u00e9cial, stand de cr\u00eapes et animations uniques. Une chasse aux \u0153ufs unique sera transform\u00e9e en une captivante chasse au tr\u00e9sor pour le bonheur des petits et des grands.<\/p>\n\n\n\n<p>Prix adulte : CHF 150.-<br>Prix enfant : CHF 60.- pour les 6 \u00e0 12 ans | Gratuit pour les moins de 5 ans<br>\u00c0 partir de 12h15 et jusqu&#8217;\u00e0 15h00<strong><em><br><\/em><\/strong><\/p>\n\n\n\n<div class=\"wp-block-buttons is-content-justification-center is-layout-flex wp-container-core-buttons-is-layout-a89b3969 wp-block-buttons-is-layout-flex\">\n<div class=\"wp-block-button is-style-alternate-version\"><a class=\"wp-block-button__link wp-element-button\" href=\"https:\/\/geneva.intercontinental.com\/fr\/brunch-de-paques-au-woods\/\" target=\"_blank\" rel=\"noreferrer noopener\">D\u00c9COUVRIR<\/a><\/div>\n<\/div>\n<\/div>\n\n\n\n<div style=\"height:40px\" aria-hidden=\"true\" class=\"wp-block-spacer\"><\/div>\n\n\n\n<p class=\"has-text-align-center has-medium-font-size\">Du 17 au 20 Avril 2025<\/p>\n\n\n\n<div style=\"height:15px\" aria-hidden=\"true\" class=\"wp-block-spacer\"><\/div>\n\n\n\n<h2 class=\"wp-block-heading\">\u00c9vasion Pascale pour deux<\/h2>\n\n\n\n<div class=\"wp-block-group is-layout-flow wp-block-group-is-layout-flow\">\n<p>Plongez dans un univers de raffinement et de s\u00e9r\u00e9nit\u00e9 avec notre offre exclusive imagin\u00e9e pour faire de votre week-end de P\u00e2ques un moment inoubliable. Entre d\u00e9tente, gourmandise et \u00e9l\u00e9gance, laissez-vous s\u00e9duire par une escapade unique au c\u0153ur de Gen\u00e8ve.<\/p>\n\n\n\n<p>Profitez d\u2019un s\u00e9jour d\u2019exception, ponctu\u00e9 de petites attentions et de moments de pur bien-\u00eatre. Pour parfaire cette exp\u00e9rience, un brunch dominical d\u2019exception vous attend sur r\u00e9servation.<\/p>\n\n\n\n<div class=\"wp-block-buttons is-content-justification-center is-layout-flex wp-container-core-buttons-is-layout-a89b3969 wp-block-buttons-is-layout-flex\">\n<div class=\"wp-block-button is-style-alternate-version\"><a class=\"wp-block-button__link wp-element-button\" href=\"https:\/\/geneva.intercontinental.com\/fr\/celebrez-paques\/\" target=\"_blank\" rel=\"noreferrer noopener\">D\u00c9COUVRIR<\/a><\/div>\n<\/div>\n<\/div>\n","protected":false},"excerpt":{"rendered":"<p>D\u00e9couvrez l&#8217;\u0153uf de P\u00e2ques exclusif de notre Chef P\u00e2tissier et rejoignez-nous pour un brunch sp\u00e9cial : saveurs uniques, gourmandises et activit\u00e9s pour toute la famille.<\/p>\n","protected":false},"author":21,"featured_media":35096,"comment_status":"closed","ping_status":"open","sticky":false,"template":"","format":"standard","meta":{"_acf_changed":false,"footnotes":""},"categories":[17],"tags":[],"class_list":["post-24475","post","type-post","status-publish","format-standard","has-post-thumbnail","hentry","category-actualites"],"acf":[],"yoast_head":"<!-- This site is optimized with the Yoast SEO plugin v26.2 - https:\/\/yoast.com\/wordpress\/plugins\/seo\/ -->\n<title>Vivez la magie de P\u00e2ques - InterContinental Gen\u00e8ve<\/title>\n<meta name=\"description\" content=\"D\u00e9couvrez l&#039;\u0153uf de P\u00e2ques de notre chef p\u00e2tissier et optez pour un brunch sp\u00e9cial P\u00e2ques : saveurs uniques et activit\u00e9s pour toute la famille.\" \/>\n<meta name=\"robots\" content=\"index, follow, max-snippet:-1, max-image-preview:large, max-video-preview:-1\" \/>\n<link rel=\"canonical\" href=\"https:\/\/geneva.intercontinental.com\/fr\/vivez-la-magie-de-paques\/\" \/>\n<meta property=\"og:locale\" content=\"fr_FR\" \/>\n<meta property=\"og:type\" content=\"article\" \/>\n<meta property=\"og:title\" content=\"Vivez la magie de P\u00e2ques - InterContinental Gen\u00e8ve\" \/>\n<meta property=\"og:description\" content=\"D\u00e9couvrez l&#039;\u0153uf de P\u00e2ques de notre chef p\u00e2tissier et optez pour un brunch sp\u00e9cial P\u00e2ques : saveurs uniques et activit\u00e9s pour toute la famille.\" \/>\n<meta property=\"og:url\" content=\"https:\/\/geneva.intercontinental.com\/fr\/vivez-la-magie-de-paques\/\" \/>\n<meta property=\"og:site_name\" content=\"IHG\" \/>\n<meta property=\"article:published_time\" content=\"2025-03-24T08:00:00+00:00\" \/>\n<meta property=\"article:modified_time\" content=\"2025-04-10T09:23:39+00:00\" \/>\n<meta property=\"og:image\" content=\"https:\/\/geneva.intercontinental.com\/wp-content\/uploads\/sites\/7\/2025\/03\/OEuf-de-Paques-2025_InterContinental-Geneve_WEB_2_compress-e1741246860767.jpg\" \/>\n\t<meta property=\"og:image:width\" content=\"2125\" \/>\n\t<meta property=\"og:image:height\" content=\"1667\" \/>\n\t<meta property=\"og:image:type\" content=\"image\/jpeg\" \/>\n<meta name=\"author\" content=\"Eva Bouillet\" \/>\n<meta name=\"twitter:card\" content=\"summary_large_image\" \/>\n<meta name=\"twitter:label1\" content=\"\u00c9crit par\" \/>\n\t<meta name=\"twitter:data1\" content=\"Eva Bouillet\" \/>\n\t<meta name=\"twitter:label2\" content=\"Dur\u00e9e de lecture estim\u00e9e\" \/>\n\t<meta name=\"twitter:data2\" content=\"3 minutes\" \/>\n<script type=\"application\/ld+json\" class=\"yoast-schema-graph\">{\"@context\":\"https:\/\/schema.org\",\"@graph\":[{\"@type\":\"Article\",\"@id\":\"https:\/\/geneva.intercontinental.com\/fr\/vivez-la-magie-de-paques\/#article\",\"isPartOf\":{\"@id\":\"https:\/\/geneva.intercontinental.com\/fr\/vivez-la-magie-de-paques\/\"},\"author\":{\"name\":\"Eva Bouillet\",\"@id\":\"https:\/\/geneva.intercontinental.com\/fr\/#\/schema\/person\/5f5178d6c5988f2c5e80aeaa72a3d765\"},\"headline\":\"Vivez la magie de P\u00e2ques\",\"datePublished\":\"2025-03-24T08:00:00+00:00\",\"dateModified\":\"2025-04-10T09:23:39+00:00\",\"mainEntityOfPage\":{\"@id\":\"https:\/\/geneva.intercontinental.com\/fr\/vivez-la-magie-de-paques\/\"},\"wordCount\":344,\"publisher\":{\"@id\":\"https:\/\/geneva.intercontinental.com\/fr\/#organization\"},\"image\":{\"@id\":\"https:\/\/geneva.intercontinental.com\/fr\/vivez-la-magie-de-paques\/#primaryimage\"},\"thumbnailUrl\":\"https:\/\/geneva.intercontinental.com\/wp-content\/uploads\/sites\/7\/2025\/03\/OEuf-de-Paques-2025_InterContinental-Geneve_WEB_2_compress-e1741246860767.jpg\",\"articleSection\":[\"Actualit\u00e9s\"],\"inLanguage\":\"fr-FR\"},{\"@type\":\"WebPage\",\"@id\":\"https:\/\/geneva.intercontinental.com\/fr\/vivez-la-magie-de-paques\/\",\"url\":\"https:\/\/geneva.intercontinental.com\/fr\/vivez-la-magie-de-paques\/\",\"name\":\"Vivez la magie de P\u00e2ques - InterContinental Gen\u00e8ve\",\"isPartOf\":{\"@id\":\"https:\/\/geneva.intercontinental.com\/fr\/#website\"},\"primaryImageOfPage\":{\"@id\":\"https:\/\/geneva.intercontinental.com\/fr\/vivez-la-magie-de-paques\/#primaryimage\"},\"image\":{\"@id\":\"https:\/\/geneva.intercontinental.com\/fr\/vivez-la-magie-de-paques\/#primaryimage\"},\"thumbnailUrl\":\"https:\/\/geneva.intercontinental.com\/wp-content\/uploads\/sites\/7\/2025\/03\/OEuf-de-Paques-2025_InterContinental-Geneve_WEB_2_compress-e1741246860767.jpg\",\"datePublished\":\"2025-03-24T08:00:00+00:00\",\"dateModified\":\"2025-04-10T09:23:39+00:00\",\"description\":\"D\u00e9couvrez l'\u0153uf de P\u00e2ques de notre chef p\u00e2tissier et optez pour un brunch sp\u00e9cial P\u00e2ques : saveurs uniques et activit\u00e9s pour toute la famille.\",\"breadcrumb\":{\"@id\":\"https:\/\/geneva.intercontinental.com\/fr\/vivez-la-magie-de-paques\/#breadcrumb\"},\"inLanguage\":\"fr-FR\",\"potentialAction\":[{\"@type\":\"ReadAction\",\"target\":[\"https:\/\/geneva.intercontinental.com\/fr\/vivez-la-magie-de-paques\/\"]}]},{\"@type\":\"ImageObject\",\"inLanguage\":\"fr-FR\",\"@id\":\"https:\/\/geneva.intercontinental.com\/fr\/vivez-la-magie-de-paques\/#primaryimage\",\"url\":\"https:\/\/geneva.intercontinental.com\/wp-content\/uploads\/sites\/7\/2025\/03\/OEuf-de-Paques-2025_InterContinental-Geneve_WEB_2_compress-e1741246860767.jpg\",\"contentUrl\":\"https:\/\/geneva.intercontinental.com\/wp-content\/uploads\/sites\/7\/2025\/03\/OEuf-de-Paques-2025_InterContinental-Geneve_WEB_2_compress-e1741246860767.jpg\",\"width\":2125,\"height\":1667},{\"@type\":\"BreadcrumbList\",\"@id\":\"https:\/\/geneva.intercontinental.com\/fr\/vivez-la-magie-de-paques\/#breadcrumb\",\"itemListElement\":[{\"@type\":\"ListItem\",\"position\":1,\"name\":\"Accueil\",\"item\":\"https:\/\/geneva.intercontinental.com\/fr\/\"},{\"@type\":\"ListItem\",\"position\":2,\"name\":\"Vivez la magie de P\u00e2ques\"}]},{\"@type\":\"WebSite\",\"@id\":\"https:\/\/geneva.intercontinental.com\/fr\/#website\",\"url\":\"https:\/\/geneva.intercontinental.com\/fr\/\",\"name\":\"IHG\",\"description\":\"Live the InterContinental Life\",\"publisher\":{\"@id\":\"https:\/\/geneva.intercontinental.com\/fr\/#organization\"},\"alternateName\":\"InterContinental Gen\u00e8ve\",\"potentialAction\":[{\"@type\":\"SearchAction\",\"target\":{\"@type\":\"EntryPoint\",\"urlTemplate\":\"https:\/\/geneva.intercontinental.com\/fr\/?s={search_term_string}\"},\"query-input\":{\"@type\":\"PropertyValueSpecification\",\"valueRequired\":true,\"valueName\":\"search_term_string\"}}],\"inLanguage\":\"fr-FR\"},{\"@type\":\"Organization\",\"@id\":\"https:\/\/geneva.intercontinental.com\/fr\/#organization\",\"name\":\"InterContinental Gen\u00e8ve\",\"alternateName\":\"GVAHA\",\"url\":\"https:\/\/geneva.intercontinental.com\/fr\/\",\"logo\":{\"@type\":\"ImageObject\",\"inLanguage\":\"fr-FR\",\"@id\":\"https:\/\/geneva.intercontinental.com\/fr\/#\/schema\/logo\/image\/\",\"url\":\"https:\/\/geneva.intercontinental.com\/wp-content\/uploads\/sites\/7\/2024\/04\/intercontinental-geneve-logo.svg\",\"contentUrl\":\"https:\/\/geneva.intercontinental.com\/wp-content\/uploads\/sites\/7\/2024\/04\/intercontinental-geneve-logo.svg\",\"caption\":\"InterContinental Gen\u00e8ve\"},\"image\":{\"@id\":\"https:\/\/geneva.intercontinental.com\/fr\/#\/schema\/logo\/image\/\"}},{\"@type\":\"Person\",\"@id\":\"https:\/\/geneva.intercontinental.com\/fr\/#\/schema\/person\/5f5178d6c5988f2c5e80aeaa72a3d765\",\"name\":\"Eva Bouillet\"}]}<\/script>\n<!-- \/ Yoast SEO plugin. -->","yoast_head_json":{"title":"Vivez la magie de P\u00e2ques - InterContinental Gen\u00e8ve","description":"D\u00e9couvrez l'\u0153uf de P\u00e2ques de notre chef p\u00e2tissier et optez pour un brunch sp\u00e9cial P\u00e2ques : saveurs uniques et activit\u00e9s pour toute la famille.","robots":{"index":"index","follow":"follow","max-snippet":"max-snippet:-1","max-image-preview":"max-image-preview:large","max-video-preview":"max-video-preview:-1"},"canonical":"https:\/\/geneva.intercontinental.com\/fr\/vivez-la-magie-de-paques\/","og_locale":"fr_FR","og_type":"article","og_title":"Vivez la magie de P\u00e2ques - InterContinental Gen\u00e8ve","og_description":"D\u00e9couvrez l'\u0153uf de P\u00e2ques de notre chef p\u00e2tissier et optez pour un brunch sp\u00e9cial P\u00e2ques : saveurs uniques et activit\u00e9s pour toute la famille.","og_url":"https:\/\/geneva.intercontinental.com\/fr\/vivez-la-magie-de-paques\/","og_site_name":"IHG","article_published_time":"2025-03-24T08:00:00+00:00","article_modified_time":"2025-04-10T09:23:39+00:00","og_image":[{"width":2125,"height":1667,"url":"https:\/\/geneva.intercontinental.com\/wp-content\/uploads\/sites\/7\/2025\/03\/OEuf-de-Paques-2025_InterContinental-Geneve_WEB_2_compress-e1741246860767.jpg","type":"image\/jpeg"}],"author":"Eva Bouillet","twitter_card":"summary_large_image","twitter_misc":{"\u00c9crit par":"Eva Bouillet","Dur\u00e9e de lecture estim\u00e9e":"3 minutes"},"schema":{"@context":"https:\/\/schema.org","@graph":[{"@type":"Article","@id":"https:\/\/geneva.intercontinental.com\/fr\/vivez-la-magie-de-paques\/#article","isPartOf":{"@id":"https:\/\/geneva.intercontinental.com\/fr\/vivez-la-magie-de-paques\/"},"author":{"name":"Eva Bouillet","@id":"https:\/\/geneva.intercontinental.com\/fr\/#\/schema\/person\/5f5178d6c5988f2c5e80aeaa72a3d765"},"headline":"Vivez la magie de P\u00e2ques","datePublished":"2025-03-24T08:00:00+00:00","dateModified":"2025-04-10T09:23:39+00:00","mainEntityOfPage":{"@id":"https:\/\/geneva.intercontinental.com\/fr\/vivez-la-magie-de-paques\/"},"wordCount":344,"publisher":{"@id":"https:\/\/geneva.intercontinental.com\/fr\/#organization"},"image":{"@id":"https:\/\/geneva.intercontinental.com\/fr\/vivez-la-magie-de-paques\/#primaryimage"},"thumbnailUrl":"https:\/\/geneva.intercontinental.com\/wp-content\/uploads\/sites\/7\/2025\/03\/OEuf-de-Paques-2025_InterContinental-Geneve_WEB_2_compress-e1741246860767.jpg","articleSection":["Actualit\u00e9s"],"inLanguage":"fr-FR"},{"@type":"WebPage","@id":"https:\/\/geneva.intercontinental.com\/fr\/vivez-la-magie-de-paques\/","url":"https:\/\/geneva.intercontinental.com\/fr\/vivez-la-magie-de-paques\/","name":"Vivez la magie de P\u00e2ques - InterContinental Gen\u00e8ve","isPartOf":{"@id":"https:\/\/geneva.intercontinental.com\/fr\/#website"},"primaryImageOfPage":{"@id":"https:\/\/geneva.intercontinental.com\/fr\/vivez-la-magie-de-paques\/#primaryimage"},"image":{"@id":"https:\/\/geneva.intercontinental.com\/fr\/vivez-la-magie-de-paques\/#primaryimage"},"thumbnailUrl":"https:\/\/geneva.intercontinental.com\/wp-content\/uploads\/sites\/7\/2025\/03\/OEuf-de-Paques-2025_InterContinental-Geneve_WEB_2_compress-e1741246860767.jpg","datePublished":"2025-03-24T08:00:00+00:00","dateModified":"2025-04-10T09:23:39+00:00","description":"D\u00e9couvrez l'\u0153uf de P\u00e2ques de notre chef p\u00e2tissier et optez pour un brunch sp\u00e9cial P\u00e2ques : saveurs uniques et activit\u00e9s pour toute la famille.","breadcrumb":{"@id":"https:\/\/geneva.intercontinental.com\/fr\/vivez-la-magie-de-paques\/#breadcrumb"},"inLanguage":"fr-FR","potentialAction":[{"@type":"ReadAction","target":["https:\/\/geneva.intercontinental.com\/fr\/vivez-la-magie-de-paques\/"]}]},{"@type":"ImageObject","inLanguage":"fr-FR","@id":"https:\/\/geneva.intercontinental.com\/fr\/vivez-la-magie-de-paques\/#primaryimage","url":"https:\/\/geneva.intercontinental.com\/wp-content\/uploads\/sites\/7\/2025\/03\/OEuf-de-Paques-2025_InterContinental-Geneve_WEB_2_compress-e1741246860767.jpg","contentUrl":"https:\/\/geneva.intercontinental.com\/wp-content\/uploads\/sites\/7\/2025\/03\/OEuf-de-Paques-2025_InterContinental-Geneve_WEB_2_compress-e1741246860767.jpg","width":2125,"height":1667},{"@type":"BreadcrumbList","@id":"https:\/\/geneva.intercontinental.com\/fr\/vivez-la-magie-de-paques\/#breadcrumb","itemListElement":[{"@type":"ListItem","position":1,"name":"Accueil","item":"https:\/\/geneva.intercontinental.com\/fr\/"},{"@type":"ListItem","position":2,"name":"Vivez la magie de P\u00e2ques"}]},{"@type":"WebSite","@id":"https:\/\/geneva.intercontinental.com\/fr\/#website","url":"https:\/\/geneva.intercontinental.com\/fr\/","name":"IHG","description":"Live the InterContinental Life","publisher":{"@id":"https:\/\/geneva.intercontinental.com\/fr\/#organization"},"alternateName":"InterContinental Gen\u00e8ve","potentialAction":[{"@type":"SearchAction","target":{"@type":"EntryPoint","urlTemplate":"https:\/\/geneva.intercontinental.com\/fr\/?s={search_term_string}"},"query-input":{"@type":"PropertyValueSpecification","valueRequired":true,"valueName":"search_term_string"}}],"inLanguage":"fr-FR"},{"@type":"Organization","@id":"https:\/\/geneva.intercontinental.com\/fr\/#organization","name":"InterContinental Gen\u00e8ve","alternateName":"GVAHA","url":"https:\/\/geneva.intercontinental.com\/fr\/","logo":{"@type":"ImageObject","inLanguage":"fr-FR","@id":"https:\/\/geneva.intercontinental.com\/fr\/#\/schema\/logo\/image\/","url":"https:\/\/geneva.intercontinental.com\/wp-content\/uploads\/sites\/7\/2024\/04\/intercontinental-geneve-logo.svg","contentUrl":"https:\/\/geneva.intercontinental.com\/wp-content\/uploads\/sites\/7\/2024\/04\/intercontinental-geneve-logo.svg","caption":"InterContinental Gen\u00e8ve"},"image":{"@id":"https:\/\/geneva.intercontinental.com\/fr\/#\/schema\/logo\/image\/"}},{"@type":"Person","@id":"https:\/\/geneva.intercontinental.com\/fr\/#\/schema\/person\/5f5178d6c5988f2c5e80aeaa72a3d765","name":"Eva Bouillet"}]}},"_links":{"self":[{"href":"https:\/\/geneva.intercontinental.com\/fr\/wp-json\/wp\/v2\/posts\/24475","targetHints":{"allow":["GET"]}}],"collection":[{"href":"https:\/\/geneva.intercontinental.com\/fr\/wp-json\/wp\/v2\/posts"}],"about":[{"href":"https:\/\/geneva.intercontinental.com\/fr\/wp-json\/wp\/v2\/types\/post"}],"author":[{"embeddable":true,"href":"https:\/\/geneva.intercontinental.com\/fr\/wp-json\/wp\/v2\/users\/21"}],"replies":[{"embeddable":true,"href":"https:\/\/geneva.intercontinental.com\/fr\/wp-json\/wp\/v2\/comments?post=24475"}],"version-history":[{"count":39,"href":"https:\/\/geneva.intercontinental.com\/fr\/wp-json\/wp\/v2\/posts\/24475\/revisions"}],"predecessor-version":[{"id":35391,"href":"https:\/\/geneva.intercontinental.com\/fr\/wp-json\/wp\/v2\/posts\/24475\/revisions\/35391"}],"wp:featuredmedia":[{"embeddable":true,"href":"https:\/\/geneva.intercontinental.com\/fr\/wp-json\/wp\/v2\/media\/35096"}],"wp:attachment":[{"href":"https:\/\/geneva.intercontinental.com\/fr\/wp-json\/wp\/v2\/media?parent=24475"}],"wp:term":[{"taxonomy":"category","embeddable":true,"href":"https:\/\/geneva.intercontinental.com\/fr\/wp-json\/wp\/v2\/categories?post=24475"},{"taxonomy":"post_tag","embeddable":true,"href":"https:\/\/geneva.intercontinental.com\/fr\/wp-json\/wp\/v2\/tags?post=24475"}],"curies":[{"name":"wp","href":"https:\/\/api.w.org\/{rel}","templated":true}]}}