{"id":12527,"date":"2022-06-08T14:49:34","date_gmt":"2022-06-08T12:49:34","guid":{"rendered":"https:\/\/geneva.intercontinental.com\/?p=12527"},"modified":"2024-05-23T11:20:21","modified_gmt":"2024-05-23T09:20:21","slug":"bol-dor-mirabaud-2022","status":"publish","type":"post","link":"https:\/\/geneva.intercontinental.com\/fr\/bol-dor-mirabaud-2022\/","title":{"rendered":"Bol d&#8217;Or Mirabaud 2022"},"content":{"rendered":"\n<h2 class=\"wp-block-heading\">Mettez les voiles pour un week-end m\u00e9morable<\/h2>\n\n\n\n<p>Le Bol d&#8217;Or Mirabaud 2022 se tiendra <strong>du 10 au 12 juin 2022<\/strong>, la plus grande r\u00e9gate en bassin ferm\u00e9 du monde vous attend pour une aventure unique !<\/p>\n\n\n\n<p>L&#8217;InterContinental Gen\u00e8ve est fier d&#8217;\u00eatre l&#8217;<strong>h\u00f4tel partenaire<\/strong> de cet \u00e9v\u00e9nement renomm\u00e9, le d\u00e9but de 5 belles ann\u00e9es d&#8217;aventures.<\/p>\n\n\n\n<p>Le <strong>Village du<\/strong> <strong>BOM <\/strong>est ouvert au public : nous nous r\u00e9jouissons de vous rencontrer sur notre stand.<\/p>\n\n\n\n<p>L\u2019esplanade devant le nouveau Pavillon des sports accueillera pour la premi\u00e8re fois le village du BOM et servira de lieu de rassemblement pour la c\u00e9r\u00e9monie d\u2019ouverture, la c\u00e9l\u00e9bration des vainqueurs et la remise des prix. Le bureau des courses, ainsi que la salle de presse et le studio lV, seront \u00e9galement situ\u00e9s dans ce nouvel espace moderne et convivial. Apr\u00e8s une \u00e9dition particuli\u00e8re l\u2019an pass\u00e9, la grande f\u00eate du lac est de retour en 2022 ! <\/p>\n\n\n\n<p>Pour marquer cet esprit festif, les organisateurs ont pr\u00e9vu trois concerts Live gratuits et ouverts \u00e0 tous, les vendredi et samedi soir ainsi que le dimanche apr\u00e8s-midi, sur la sc\u00e8ne du BOM construite sur la barque l\u00e9manique \u00abLa Neptune\u00bb.<\/p>\n\n\n\n<p class=\"has-text-align-center\"><strong>D\u00e9part de la r\u00e9gate : Samedi 11&nbsp;juin 2022&nbsp;\u00e0&nbsp;10h00<\/strong><\/p>\n\n\n\n<div class=\"wp-block-buttons is-layout-flex wp-block-buttons-is-layout-flex\">\n<div class=\"wp-block-button aligncenter is-style-alternate-version\"><a class=\"wp-block-button__link wp-element-button\" href=\"https:\/\/boldormirabaud.ch\/edition-2022\/programme-officiel\/\">Voir le programme<\/a><\/div>\n<\/div>\n\n\n\n<div style=\"height:100px\" aria-hidden=\"true\" class=\"wp-block-spacer\"><\/div>\n\n\n\n<h2 class=\"wp-block-heading\">La plus importante r\u00e9gate du monde<\/h2>\n\n\n\n<figure class=\"wp-block-embed aligncenter is-type-video is-provider-youtube wp-block-embed-youtube wp-embed-aspect-16-9 wp-has-aspect-ratio\"><div class=\"wp-block-embed__wrapper\">\n<iframe title=\"#BOM22 Teaser\" width=\"500\" height=\"281\" src=\"https:\/\/www.youtube.com\/embed\/dNTiSHamC84?feature=oembed\" frameborder=\"0\" allow=\"accelerometer; autoplay; clipboard-write; encrypted-media; gyroscope; picture-in-picture; web-share\" referrerpolicy=\"strict-origin-when-cross-origin\" allowfullscreen><\/iframe>\n<\/div><\/figure>\n\n\n\n<p>Le Bol d\u2019Or Mirabaud est la plus importante r\u00e9gate du monde en bassin ferm\u00e9. Lanc\u00e9e en 1939, elle accueille chaque ann\u00e9e monocoques et multicoques sur le Lac L\u00e9man, au d\u00e9part de Gen\u00e8ve (Suisse). Plus de 500 bateaux s\u2019affrontent sur le parcours th\u00e9orique de 123 kilom\u00e8tres (66.5 miles nautique) de Gen\u00e8ve au Bouveret et retour.<\/p>\n\n\n\n<p>Suivez la grande f\u00eate annuelle de la voile l\u00e9manique en direct sur les quais du Bol d&#8217;Or Mirabaud.<\/p>\n\n\n\n<div class=\"wp-block-buttons is-content-justification-center is-layout-flex wp-container-core-buttons-is-layout-a89b3969 wp-block-buttons-is-layout-flex\">\n<div class=\"wp-block-button is-style-alternate-version\"><a class=\"wp-block-button__link wp-element-button\" href=\"http:\/\/www.boldormirabaud.ch\/fr-ch\/index.cfm?page=\/bom\/home\/regate\/presentation\">Pr\u00e9sentation<\/a><\/div>\n\n\n\n<div class=\"wp-block-button is-style-alternate-version\"><a class=\"wp-block-button__link wp-element-button\" href=\"http:\/\/www.boldormirabaud.ch\/fr-ch\/edition-2022\/suivi-en-direct\">Plateforme en direct<\/a><\/div>\n<\/div>\n","protected":false},"excerpt":{"rendered":"<p>Mettez les voiles pour un week-end m\u00e9morable du 10 au 12 juin 2022.<\/p>\n","protected":false},"author":16,"featured_media":12531,"comment_status":"open","ping_status":"open","sticky":false,"template":"","format":"standard","meta":{"_acf_changed":false,"footnotes":""},"categories":[17],"tags":[],"class_list":["post-12527","post","type-post","status-publish","format-standard","has-post-thumbnail","hentry","category-actualites"],"acf":[],"yoast_head":"<!-- This site is optimized with the Yoast SEO plugin v26.2 - https:\/\/yoast.com\/wordpress\/plugins\/seo\/ -->\n<title>Bol d&#039;Or Mirabaud 2022 - InterContinental Gen\u00e8ve<\/title>\n<meta name=\"description\" content=\"Mettez les voiles pour un week-end m\u00e9morable du 10 au 12 juin 2022.\" \/>\n<meta name=\"robots\" content=\"index, follow, max-snippet:-1, max-image-preview:large, max-video-preview:-1\" \/>\n<link rel=\"canonical\" href=\"https:\/\/geneva.intercontinental.com\/fr\/bol-dor-mirabaud-2022\/\" \/>\n<meta property=\"og:locale\" content=\"fr_FR\" \/>\n<meta property=\"og:type\" content=\"article\" \/>\n<meta property=\"og:title\" content=\"Bol d&#039;Or Mirabaud 2022 - InterContinental Gen\u00e8ve\" \/>\n<meta property=\"og:description\" content=\"Mettez les voiles pour un week-end m\u00e9morable du 10 au 12 juin 2022.\" \/>\n<meta property=\"og:url\" content=\"https:\/\/geneva.intercontinental.com\/fr\/bol-dor-mirabaud-2022\/\" \/>\n<meta property=\"og:site_name\" content=\"IHG\" \/>\n<meta property=\"article:published_time\" content=\"2022-06-08T12:49:34+00:00\" \/>\n<meta property=\"article:modified_time\" content=\"2024-05-23T09:20:21+00:00\" \/>\n<meta property=\"og:image\" content=\"https:\/\/geneva.intercontinental.com\/wp-content\/uploads\/sites\/7\/2022\/06\/bom21_20219_g-martin-raget.jpg\" \/>\n\t<meta property=\"og:image:width\" content=\"1600\" \/>\n\t<meta property=\"og:image:height\" content=\"1067\" \/>\n\t<meta property=\"og:image:type\" content=\"image\/jpeg\" \/>\n<meta name=\"author\" content=\"Alexandra Devilly\" \/>\n<meta name=\"twitter:card\" content=\"summary_large_image\" \/>\n<meta name=\"twitter:label1\" content=\"\u00c9crit par\" \/>\n\t<meta name=\"twitter:data1\" content=\"Alexandra Devilly\" \/>\n\t<meta name=\"twitter:label2\" content=\"Dur\u00e9e de lecture estim\u00e9e\" \/>\n\t<meta name=\"twitter:data2\" content=\"2 minutes\" \/>\n<script type=\"application\/ld+json\" class=\"yoast-schema-graph\">{\"@context\":\"https:\/\/schema.org\",\"@graph\":[{\"@type\":\"Article\",\"@id\":\"https:\/\/geneva.intercontinental.com\/fr\/bol-dor-mirabaud-2022\/#article\",\"isPartOf\":{\"@id\":\"https:\/\/geneva.intercontinental.com\/fr\/bol-dor-mirabaud-2022\/\"},\"author\":{\"name\":\"Alexandra Devilly\",\"@id\":\"https:\/\/geneva.intercontinental.com\/fr\/#\/schema\/person\/bfa40ec9a03bf06fccbcb53c828fa12c\"},\"headline\":\"Bol d&#8217;Or Mirabaud 2022\",\"datePublished\":\"2022-06-08T12:49:34+00:00\",\"dateModified\":\"2024-05-23T09:20:21+00:00\",\"mainEntityOfPage\":{\"@id\":\"https:\/\/geneva.intercontinental.com\/fr\/bol-dor-mirabaud-2022\/\"},\"wordCount\":323,\"commentCount\":0,\"publisher\":{\"@id\":\"https:\/\/geneva.intercontinental.com\/fr\/#organization\"},\"image\":{\"@id\":\"https:\/\/geneva.intercontinental.com\/fr\/bol-dor-mirabaud-2022\/#primaryimage\"},\"thumbnailUrl\":\"https:\/\/geneva.intercontinental.com\/wp-content\/uploads\/sites\/7\/2022\/06\/bom21_20219_g-martin-raget.jpg\",\"articleSection\":[\"Actualit\u00e9s\"],\"inLanguage\":\"fr-FR\",\"potentialAction\":[{\"@type\":\"CommentAction\",\"name\":\"Comment\",\"target\":[\"https:\/\/geneva.intercontinental.com\/fr\/bol-dor-mirabaud-2022\/#respond\"]}]},{\"@type\":\"WebPage\",\"@id\":\"https:\/\/geneva.intercontinental.com\/fr\/bol-dor-mirabaud-2022\/\",\"url\":\"https:\/\/geneva.intercontinental.com\/fr\/bol-dor-mirabaud-2022\/\",\"name\":\"Bol d'Or Mirabaud 2022 - InterContinental Gen\u00e8ve\",\"isPartOf\":{\"@id\":\"https:\/\/geneva.intercontinental.com\/fr\/#website\"},\"primaryImageOfPage\":{\"@id\":\"https:\/\/geneva.intercontinental.com\/fr\/bol-dor-mirabaud-2022\/#primaryimage\"},\"image\":{\"@id\":\"https:\/\/geneva.intercontinental.com\/fr\/bol-dor-mirabaud-2022\/#primaryimage\"},\"thumbnailUrl\":\"https:\/\/geneva.intercontinental.com\/wp-content\/uploads\/sites\/7\/2022\/06\/bom21_20219_g-martin-raget.jpg\",\"datePublished\":\"2022-06-08T12:49:34+00:00\",\"dateModified\":\"2024-05-23T09:20:21+00:00\",\"description\":\"Mettez les voiles pour un week-end m\u00e9morable du 10 au 12 juin 2022.\",\"breadcrumb\":{\"@id\":\"https:\/\/geneva.intercontinental.com\/fr\/bol-dor-mirabaud-2022\/#breadcrumb\"},\"inLanguage\":\"fr-FR\",\"potentialAction\":[{\"@type\":\"ReadAction\",\"target\":[\"https:\/\/geneva.intercontinental.com\/fr\/bol-dor-mirabaud-2022\/\"]}]},{\"@type\":\"ImageObject\",\"inLanguage\":\"fr-FR\",\"@id\":\"https:\/\/geneva.intercontinental.com\/fr\/bol-dor-mirabaud-2022\/#primaryimage\",\"url\":\"https:\/\/geneva.intercontinental.com\/wp-content\/uploads\/sites\/7\/2022\/06\/bom21_20219_g-martin-raget.jpg\",\"contentUrl\":\"https:\/\/geneva.intercontinental.com\/wp-content\/uploads\/sites\/7\/2022\/06\/bom21_20219_g-martin-raget.jpg\",\"width\":1600,\"height\":1067,\"caption\":\"12\/06\/2021, Gen\u00e8ve (SUI), Bol d'Or Mirabaud 2021\"},{\"@type\":\"BreadcrumbList\",\"@id\":\"https:\/\/geneva.intercontinental.com\/fr\/bol-dor-mirabaud-2022\/#breadcrumb\",\"itemListElement\":[{\"@type\":\"ListItem\",\"position\":1,\"name\":\"Accueil\",\"item\":\"https:\/\/geneva.intercontinental.com\/fr\/\"},{\"@type\":\"ListItem\",\"position\":2,\"name\":\"Bol d&#8217;Or Mirabaud 2022\"}]},{\"@type\":\"WebSite\",\"@id\":\"https:\/\/geneva.intercontinental.com\/fr\/#website\",\"url\":\"https:\/\/geneva.intercontinental.com\/fr\/\",\"name\":\"IHG\",\"description\":\"Live the InterContinental Life\",\"publisher\":{\"@id\":\"https:\/\/geneva.intercontinental.com\/fr\/#organization\"},\"alternateName\":\"InterContinental Gen\u00e8ve\",\"potentialAction\":[{\"@type\":\"SearchAction\",\"target\":{\"@type\":\"EntryPoint\",\"urlTemplate\":\"https:\/\/geneva.intercontinental.com\/fr\/?s={search_term_string}\"},\"query-input\":{\"@type\":\"PropertyValueSpecification\",\"valueRequired\":true,\"valueName\":\"search_term_string\"}}],\"inLanguage\":\"fr-FR\"},{\"@type\":\"Organization\",\"@id\":\"https:\/\/geneva.intercontinental.com\/fr\/#organization\",\"name\":\"InterContinental Gen\u00e8ve\",\"alternateName\":\"GVAHA\",\"url\":\"https:\/\/geneva.intercontinental.com\/fr\/\",\"logo\":{\"@type\":\"ImageObject\",\"inLanguage\":\"fr-FR\",\"@id\":\"https:\/\/geneva.intercontinental.com\/fr\/#\/schema\/logo\/image\/\",\"url\":\"https:\/\/geneva.intercontinental.com\/wp-content\/uploads\/sites\/7\/2024\/04\/intercontinental-geneve-logo.svg\",\"contentUrl\":\"https:\/\/geneva.intercontinental.com\/wp-content\/uploads\/sites\/7\/2024\/04\/intercontinental-geneve-logo.svg\",\"caption\":\"InterContinental Gen\u00e8ve\"},\"image\":{\"@id\":\"https:\/\/geneva.intercontinental.com\/fr\/#\/schema\/logo\/image\/\"}},{\"@type\":\"Person\",\"@id\":\"https:\/\/geneva.intercontinental.com\/fr\/#\/schema\/person\/bfa40ec9a03bf06fccbcb53c828fa12c\",\"name\":\"Alexandra Devilly\"}]}<\/script>\n<!-- \/ Yoast SEO plugin. -->","yoast_head_json":{"title":"Bol d'Or Mirabaud 2022 - InterContinental Gen\u00e8ve","description":"Mettez les voiles pour un week-end m\u00e9morable du 10 au 12 juin 2022.","robots":{"index":"index","follow":"follow","max-snippet":"max-snippet:-1","max-image-preview":"max-image-preview:large","max-video-preview":"max-video-preview:-1"},"canonical":"https:\/\/geneva.intercontinental.com\/fr\/bol-dor-mirabaud-2022\/","og_locale":"fr_FR","og_type":"article","og_title":"Bol d'Or Mirabaud 2022 - InterContinental Gen\u00e8ve","og_description":"Mettez les voiles pour un week-end m\u00e9morable du 10 au 12 juin 2022.","og_url":"https:\/\/geneva.intercontinental.com\/fr\/bol-dor-mirabaud-2022\/","og_site_name":"IHG","article_published_time":"2022-06-08T12:49:34+00:00","article_modified_time":"2024-05-23T09:20:21+00:00","og_image":[{"width":1600,"height":1067,"url":"https:\/\/geneva.intercontinental.com\/wp-content\/uploads\/sites\/7\/2022\/06\/bom21_20219_g-martin-raget.jpg","type":"image\/jpeg"}],"author":"Alexandra Devilly","twitter_card":"summary_large_image","twitter_misc":{"\u00c9crit par":"Alexandra Devilly","Dur\u00e9e de lecture estim\u00e9e":"2 minutes"},"schema":{"@context":"https:\/\/schema.org","@graph":[{"@type":"Article","@id":"https:\/\/geneva.intercontinental.com\/fr\/bol-dor-mirabaud-2022\/#article","isPartOf":{"@id":"https:\/\/geneva.intercontinental.com\/fr\/bol-dor-mirabaud-2022\/"},"author":{"name":"Alexandra Devilly","@id":"https:\/\/geneva.intercontinental.com\/fr\/#\/schema\/person\/bfa40ec9a03bf06fccbcb53c828fa12c"},"headline":"Bol d&#8217;Or Mirabaud 2022","datePublished":"2022-06-08T12:49:34+00:00","dateModified":"2024-05-23T09:20:21+00:00","mainEntityOfPage":{"@id":"https:\/\/geneva.intercontinental.com\/fr\/bol-dor-mirabaud-2022\/"},"wordCount":323,"commentCount":0,"publisher":{"@id":"https:\/\/geneva.intercontinental.com\/fr\/#organization"},"image":{"@id":"https:\/\/geneva.intercontinental.com\/fr\/bol-dor-mirabaud-2022\/#primaryimage"},"thumbnailUrl":"https:\/\/geneva.intercontinental.com\/wp-content\/uploads\/sites\/7\/2022\/06\/bom21_20219_g-martin-raget.jpg","articleSection":["Actualit\u00e9s"],"inLanguage":"fr-FR","potentialAction":[{"@type":"CommentAction","name":"Comment","target":["https:\/\/geneva.intercontinental.com\/fr\/bol-dor-mirabaud-2022\/#respond"]}]},{"@type":"WebPage","@id":"https:\/\/geneva.intercontinental.com\/fr\/bol-dor-mirabaud-2022\/","url":"https:\/\/geneva.intercontinental.com\/fr\/bol-dor-mirabaud-2022\/","name":"Bol d'Or Mirabaud 2022 - InterContinental Gen\u00e8ve","isPartOf":{"@id":"https:\/\/geneva.intercontinental.com\/fr\/#website"},"primaryImageOfPage":{"@id":"https:\/\/geneva.intercontinental.com\/fr\/bol-dor-mirabaud-2022\/#primaryimage"},"image":{"@id":"https:\/\/geneva.intercontinental.com\/fr\/bol-dor-mirabaud-2022\/#primaryimage"},"thumbnailUrl":"https:\/\/geneva.intercontinental.com\/wp-content\/uploads\/sites\/7\/2022\/06\/bom21_20219_g-martin-raget.jpg","datePublished":"2022-06-08T12:49:34+00:00","dateModified":"2024-05-23T09:20:21+00:00","description":"Mettez les voiles pour un week-end m\u00e9morable du 10 au 12 juin 2022.","breadcrumb":{"@id":"https:\/\/geneva.intercontinental.com\/fr\/bol-dor-mirabaud-2022\/#breadcrumb"},"inLanguage":"fr-FR","potentialAction":[{"@type":"ReadAction","target":["https:\/\/geneva.intercontinental.com\/fr\/bol-dor-mirabaud-2022\/"]}]},{"@type":"ImageObject","inLanguage":"fr-FR","@id":"https:\/\/geneva.intercontinental.com\/fr\/bol-dor-mirabaud-2022\/#primaryimage","url":"https:\/\/geneva.intercontinental.com\/wp-content\/uploads\/sites\/7\/2022\/06\/bom21_20219_g-martin-raget.jpg","contentUrl":"https:\/\/geneva.intercontinental.com\/wp-content\/uploads\/sites\/7\/2022\/06\/bom21_20219_g-martin-raget.jpg","width":1600,"height":1067,"caption":"12\/06\/2021, Gen\u00e8ve (SUI), Bol d'Or Mirabaud 2021"},{"@type":"BreadcrumbList","@id":"https:\/\/geneva.intercontinental.com\/fr\/bol-dor-mirabaud-2022\/#breadcrumb","itemListElement":[{"@type":"ListItem","position":1,"name":"Accueil","item":"https:\/\/geneva.intercontinental.com\/fr\/"},{"@type":"ListItem","position":2,"name":"Bol d&#8217;Or Mirabaud 2022"}]},{"@type":"WebSite","@id":"https:\/\/geneva.intercontinental.com\/fr\/#website","url":"https:\/\/geneva.intercontinental.com\/fr\/","name":"IHG","description":"Live the InterContinental Life","publisher":{"@id":"https:\/\/geneva.intercontinental.com\/fr\/#organization"},"alternateName":"InterContinental Gen\u00e8ve","potentialAction":[{"@type":"SearchAction","target":{"@type":"EntryPoint","urlTemplate":"https:\/\/geneva.intercontinental.com\/fr\/?s={search_term_string}"},"query-input":{"@type":"PropertyValueSpecification","valueRequired":true,"valueName":"search_term_string"}}],"inLanguage":"fr-FR"},{"@type":"Organization","@id":"https:\/\/geneva.intercontinental.com\/fr\/#organization","name":"InterContinental Gen\u00e8ve","alternateName":"GVAHA","url":"https:\/\/geneva.intercontinental.com\/fr\/","logo":{"@type":"ImageObject","inLanguage":"fr-FR","@id":"https:\/\/geneva.intercontinental.com\/fr\/#\/schema\/logo\/image\/","url":"https:\/\/geneva.intercontinental.com\/wp-content\/uploads\/sites\/7\/2024\/04\/intercontinental-geneve-logo.svg","contentUrl":"https:\/\/geneva.intercontinental.com\/wp-content\/uploads\/sites\/7\/2024\/04\/intercontinental-geneve-logo.svg","caption":"InterContinental Gen\u00e8ve"},"image":{"@id":"https:\/\/geneva.intercontinental.com\/fr\/#\/schema\/logo\/image\/"}},{"@type":"Person","@id":"https:\/\/geneva.intercontinental.com\/fr\/#\/schema\/person\/bfa40ec9a03bf06fccbcb53c828fa12c","name":"Alexandra Devilly"}]}},"_links":{"self":[{"href":"https:\/\/geneva.intercontinental.com\/fr\/wp-json\/wp\/v2\/posts\/12527","targetHints":{"allow":["GET"]}}],"collection":[{"href":"https:\/\/geneva.intercontinental.com\/fr\/wp-json\/wp\/v2\/posts"}],"about":[{"href":"https:\/\/geneva.intercontinental.com\/fr\/wp-json\/wp\/v2\/types\/post"}],"author":[{"embeddable":true,"href":"https:\/\/geneva.intercontinental.com\/fr\/wp-json\/wp\/v2\/users\/16"}],"replies":[{"embeddable":true,"href":"https:\/\/geneva.intercontinental.com\/fr\/wp-json\/wp\/v2\/comments?post=12527"}],"version-history":[{"count":2,"href":"https:\/\/geneva.intercontinental.com\/fr\/wp-json\/wp\/v2\/posts\/12527\/revisions"}],"predecessor-version":[{"id":26857,"href":"https:\/\/geneva.intercontinental.com\/fr\/wp-json\/wp\/v2\/posts\/12527\/revisions\/26857"}],"wp:featuredmedia":[{"embeddable":true,"href":"https:\/\/geneva.intercontinental.com\/fr\/wp-json\/wp\/v2\/media\/12531"}],"wp:attachment":[{"href":"https:\/\/geneva.intercontinental.com\/fr\/wp-json\/wp\/v2\/media?parent=12527"}],"wp:term":[{"taxonomy":"category","embeddable":true,"href":"https:\/\/geneva.intercontinental.com\/fr\/wp-json\/wp\/v2\/categories?post=12527"},{"taxonomy":"post_tag","embeddable":true,"href":"https:\/\/geneva.intercontinental.com\/fr\/wp-json\/wp\/v2\/tags?post=12527"}],"curies":[{"name":"wp","href":"https:\/\/api.w.org\/{rel}","templated":true}]}}